{"id":2234,"date":"2013-03-22T10:25:07","date_gmt":"2013-03-22T09:25:07","guid":{"rendered":"http:\/\/www.ofze.hu\/w\/?p=2234"},"modified":"2024-10-23T16:19:45","modified_gmt":"2024-10-23T14:19:45","slug":"meghivo-kozgyulesre","status":"publish","type":"post","link":"https:\/\/www.ofze.hu\/w\/2013\/03\/22\/meghivo-kozgyulesre\/","title":{"rendered":"Megh\u00edv\u00f3 k\u00f6zgy\u0171l\u00e9sre!"},"content":{"rendered":"<p>Tisztelt Egyes\u00fcleti Tag!<\/p>\n<p>Az Egyes\u00fclet 2013. \u00e9vi k\u00f6lts\u00e9gvet\u00e9s\u00e9nek elfogad\u00e1sa \u00e9s az \u00e9ves programterv ismertet\u00e9se miatt az egyes\u00fclet vezet\u0151s\u00e9ge nev\u00e9ben \u00f6sszeh\u00edvom az Orosh\u00e1zi F\u00fav\u00f3szenekari Egyes\u00fclet k\u00f6zgy\u0171l\u00e9s\u00e9t.<\/p>\n<p><strong>A k\u00f6zgy\u0171l\u00e9s ideje:<\/strong> 2013. m\u00e1rcius 26. (kedd) 17.30 \u00f3ra<\/p>\n<p><strong>A k\u00f6zgy\u0171l\u00e9s helye:<\/strong> Pet\u0151fi M\u0171vel\u0151d\u00e9si K\u00f6zpont II. emeleti kamaraterme<\/p>\n<p><strong>T\u00e9m\u00e1k:<\/strong><\/p>\n<p>1. Az egyes\u00fclet anyagi helyzet\u00e9nek ismertet\u00e9se (Kunos Attila)<\/p>\n<p>2. Az egyes\u00fclet 2012. \u00e9vi p\u00e9nz\u00fcgyi besz\u00e1mol\u00f3j\u00e1nak ismertet\u00e9se (Kunos Attila \u2013 Melega Kriszti\u00e1n)<\/p>\n<p>3. A zenekar 2012. \u00e9vi szakmai besz\u00e1mol\u00f3j\u00e1nak ismertet\u00e9se (Fab\u00f3k L\u00e1szl\u00f3)<\/p>\n<p>4. A zenekar 2013. \u00e9vi szakmai terv\u00e9nek ismertet\u00e9se (Fab\u00f3k L\u00e1szl\u00f3)<\/p>\n<p>5. Az egyes\u00fclet 2013. \u00e9vi k\u00f6lts\u00e9gvet\u00e9s\u00e9nek ismertet\u00e9se (Kunos Attila \u2013 Kov\u00e1cs Imre)<\/p>\n<p>6. Egyebek<\/p>\n<p>K\u00e9rek minden egyes\u00fcleti tagot, hogy a t\u00e9m\u00e1k fontoss\u00e1g\u00e1ra val\u00f3 tekintettel jelenjen meg a k\u00f6zgy\u0171l\u00e9sen, \u00e9s r\u00e9szv\u00e9tel\u00e9vel, v\u00e9lem\u00e9ny\u00e9vel seg\u00edtse az egyes\u00fclet \u00e9s a zenekar munk\u00e1j\u00e1t.<\/p>\n<p>A k\u00f6zgy\u0171l\u00e9s akkor hat\u00e1rozatk\u00e9pes, ha azon a nyilv\u00e1ntartott rendes tagok t\u00f6bb mint fele jelen van. Ha a hat\u00e1rozatk\u00e9pess\u00e9g nem \u00e1ll fenn, \u00fagy a k\u00f6zgy\u0171l\u00e9st 15 perccel k\u00e9s\u0151bbre, 17.45 \u00f3r\u00e1ra h\u00edvom \u00f6ssze. A m\u00e1sodszorra \u00f6sszeh\u00edvott k\u00f6zgy\u0171l\u00e9s &#8211; az eredeti napirendre felvett k\u00e9rd\u00e9sekben &#8211; a megjelentek sz\u00e1m\u00e1t\u00f3l f\u00fcggetlen\u00fcl hat\u00e1rozatk\u00e9pes.<\/p>\n<p>Orosh\u00e1za, 2012. m\u00e1rcius 11.<\/p>\n<p>Tisztelettel: Kov\u00e1cs Imre, egyes\u00fcleti eln\u00f6k s.k.<\/p>\n","protected":false},"excerpt":{"rendered":"<p>Tisztelt Egyes\u00fcleti Tag! Az Egyes\u00fclet 2013. \u00e9vi k\u00f6lts\u00e9gvet\u00e9s\u00e9nek elfogad\u00e1sa \u00e9s az \u00e9ves programterv ismertet\u00e9se miatt az egyes\u00fclet vezet\u0151s\u00e9ge nev\u00e9ben \u00f6sszeh\u00edvom az Orosh\u00e1zi F\u00fav\u00f3szenekari Egyes\u00fclet k\u00f6zgy\u0171l\u00e9s\u00e9t. A k\u00f6zgy\u0171l\u00e9s ideje: 2013. m\u00e1rcius 26. (kedd) 17.30 \u00f3ra A k\u00f6zgy\u0171l\u00e9s helye: Pet\u0151fi M\u0171vel\u0151d\u00e9si K\u00f6zpont II. emeleti kamaraterme T\u00e9m\u00e1k: 1. Az egyes\u00fclet anyagi helyzet\u00e9nek ismertet\u00e9se (Kunos Attila) 2. Az egyes\u00fclet 2012. \u00e9vi p\u00e9nz\u00fcgyi besz\u00e1mol\u00f3j\u00e1nak ismertet\u00e9se (Kunos Attila \u2013 Melega Kriszti\u00e1n) 3. A zenekar 2012. \u00e9vi szakmai besz\u00e1mol\u00f3j\u00e1nak ismertet\u00e9se (Fab\u00f3k L\u00e1szl\u00f3) 4. A zenekar 2013. \u00e9vi szakmai terv\u00e9nek ismertet\u00e9se (Fab\u00f3k L\u00e1szl\u00f3) 5. Az egyes\u00fclet 2013. \u00e9vi k\u00f6lts\u00e9gvet\u00e9s\u00e9nek ismertet\u00e9se (Kunos Attila \u2013 Kov\u00e1cs Imre) 6. Egyebek K\u00e9rek&#8230; <\/p>\n","protected":false},"author":2,"featured_media":0,"comment_status":"closed","ping_status":"closed","sticky":false,"template":"","format":"standard","meta":{"ngg_post_thumbnail":0,"footnotes":""},"categories":[5],"tags":[79],"_links":{"self":[{"href":"https:\/\/www.ofze.hu\/w\/wp-json\/wp\/v2\/posts\/2234"}],"collection":[{"href":"https:\/\/www.ofze.hu\/w\/wp-json\/wp\/v2\/posts"}],"about":[{"href":"https:\/\/www.ofze.hu\/w\/wp-json\/wp\/v2\/types\/post"}],"author":[{"embeddable":true,"href":"https:\/\/www.ofze.hu\/w\/wp-json\/wp\/v2\/users\/2"}],"replies":[{"embeddable":true,"href":"https:\/\/www.ofze.hu\/w\/wp-json\/wp\/v2\/comments?post=2234"}],"version-history":[{"count":2,"href":"https:\/\/www.ofze.hu\/w\/wp-json\/wp\/v2\/posts\/2234\/revisions"}],"predecessor-version":[{"id":2236,"href":"https:\/\/www.ofze.hu\/w\/wp-json\/wp\/v2\/posts\/2234\/revisions\/2236"}],"wp:attachment":[{"href":"https:\/\/www.ofze.hu\/w\/wp-json\/wp\/v2\/media?parent=2234"}],"wp:term":[{"taxonomy":"category","embeddable":true,"href":"https:\/\/www.ofze.hu\/w\/wp-json\/wp\/v2\/categories?post=2234"},{"taxonomy":"post_tag","embeddable":true,"href":"https:\/\/www.ofze.hu\/w\/wp-json\/wp\/v2\/tags?post=2234"}],"curies":[{"name":"wp","href":"https:\/\/api.w.org\/{rel}","templated":true}]}}