{"id":2367,"date":"2015-12-06T14:17:05","date_gmt":"2015-12-06T13:17:05","guid":{"rendered":"http:\/\/www.ofze.hu\/w\/?p=2367"},"modified":"2024-10-23T16:19:59","modified_gmt":"2024-10-23T14:19:59","slug":"meghivo-a-26-fuvos-szilveszterre","status":"publish","type":"post","link":"https:\/\/www.ofze.hu\/w\/2015\/12\/06\/meghivo-a-26-fuvos-szilveszterre\/","title":{"rendered":"Megh\u00edv\u00f3 a 26. F\u00fav\u00f3s Szilveszterre"},"content":{"rendered":"<p><strong>Ism\u00e9t megrendezz\u00fck az \u00e9v legnagyobb szab\u00e1s\u00fa koncertj\u00e9t, ezzel k\u00f6sz\u00f6nve el 2015-t\u0151l. A mostani koncert azonban rendhagy\u00f3 lesz, hiszen igazi szt\u00e1rvend\u00e9gek is fell\u00e9pnek majd a m\u0171sorban.<\/strong><\/p>\n<p><img loading=\"lazy\" decoding=\"async\" class=\"aligncenter size-full wp-image-2372\" src=\"http:\/\/www.ofze.hu\/w\/wp-content\/uploads\/2015\/12\/151206_fuvoszenekar_koncert_plakat__.jpg\" alt=\"151206_fuvoszenekar_koncert_plakat__\" width=\"500\" height=\"732\" srcset=\"https:\/\/www.ofze.hu\/w\/wp-content\/uploads\/2015\/12\/151206_fuvoszenekar_koncert_plakat__.jpg 500w, https:\/\/www.ofze.hu\/w\/wp-content\/uploads\/2015\/12\/151206_fuvoszenekar_koncert_plakat__-204x300.jpg 204w\" sizes=\"(max-width: 500px) 100vw, 500px\" \/><\/p>\n<p>Minden fontos el\u0151zetes inf\u00f3 a plak\u00e1ton, tov\u00e1bbi r\u00e9szletekkel pedig hamarosan j\u00f6v\u00fcnk&#8230;<\/p>\n","protected":false},"excerpt":{"rendered":"<p>Ism\u00e9t megrendezz\u00fck az \u00e9v legnagyobb szab\u00e1s\u00fa koncertj\u00e9t, ezzel k\u00f6sz\u00f6nve el 2015-t\u0151l. A mostani koncert azonban rendhagy\u00f3 lesz, hiszen igazi szt\u00e1rvend\u00e9gek is fell\u00e9pnek majd a m\u0171sorban. Minden fontos el\u0151zetes inf\u00f3 a plak\u00e1ton, tov\u00e1bbi r\u00e9szletekkel pedig hamarosan j\u00f6v\u00fcnk&#8230;<\/p>\n","protected":false},"author":2,"featured_media":2372,"comment_status":"closed","ping_status":"closed","sticky":false,"template":"","format":"standard","meta":{"ngg_post_thumbnail":0,"footnotes":""},"categories":[4],"tags":[78],"_links":{"self":[{"href":"https:\/\/www.ofze.hu\/w\/wp-json\/wp\/v2\/posts\/2367"}],"collection":[{"href":"https:\/\/www.ofze.hu\/w\/wp-json\/wp\/v2\/posts"}],"about":[{"href":"https:\/\/www.ofze.hu\/w\/wp-json\/wp\/v2\/types\/post"}],"author":[{"embeddable":true,"href":"https:\/\/www.ofze.hu\/w\/wp-json\/wp\/v2\/users\/2"}],"replies":[{"embeddable":true,"href":"https:\/\/www.ofze.hu\/w\/wp-json\/wp\/v2\/comments?post=2367"}],"version-history":[{"count":9,"href":"https:\/\/www.ofze.hu\/w\/wp-json\/wp\/v2\/posts\/2367\/revisions"}],"predecessor-version":[{"id":2591,"href":"https:\/\/www.ofze.hu\/w\/wp-json\/wp\/v2\/posts\/2367\/revisions\/2591"}],"wp:featuredmedia":[{"embeddable":true,"href":"https:\/\/www.ofze.hu\/w\/wp-json\/wp\/v2\/media\/2372"}],"wp:attachment":[{"href":"https:\/\/www.ofze.hu\/w\/wp-json\/wp\/v2\/media?parent=2367"}],"wp:term":[{"taxonomy":"category","embeddable":true,"href":"https:\/\/www.ofze.hu\/w\/wp-json\/wp\/v2\/categories?post=2367"},{"taxonomy":"post_tag","embeddable":true,"href":"https:\/\/www.ofze.hu\/w\/wp-json\/wp\/v2\/tags?post=2367"}],"curies":[{"name":"wp","href":"https:\/\/api.w.org\/{rel}","templated":true}]}}