{"id":2382,"date":"2016-06-07T17:40:47","date_gmt":"2016-06-07T15:40:47","guid":{"rendered":"http:\/\/www.ofze.hu\/w\/?p=2382"},"modified":"2024-10-23T16:19:59","modified_gmt":"2024-10-23T14:19:59","slug":"majustol-putnoki-zsolt-vezenyel-minket","status":"publish","type":"post","link":"https:\/\/www.ofze.hu\/w\/2016\/06\/07\/majustol-putnoki-zsolt-vezenyel-minket\/","title":{"rendered":"M\u00e1just\u00f3l Putnoki Zsolt vez\u00e9nyel minket"},"content":{"rendered":"<p><strong>Karnagyv\u00e1lt\u00e1s t\u00f6rt\u00e9nt zenekarunk \u00e9l\u00e9n. Fab\u00f3k L\u00e1szl\u00f3 lemondott, hely\u00e9re az egykori katonazen\u00e9sz, jelenleg zenetan\u00e1r Putnoki Zsolt \u00e9rkezett.<\/strong><\/p>\n<div id=\"attachment_2389\" style=\"width: 510px\" class=\"wp-caption aligncenter\"><a href=\"http:\/\/www.ofze.hu\/w\/wp-content\/uploads\/2016\/06\/160620_putnoki_zsolt_karnagy.jpg\"><img loading=\"lazy\" decoding=\"async\" aria-describedby=\"caption-attachment-2389\" class=\"size-full wp-image-2389\" alt=\"Zenekarunk \u00faj karnagya, Putnoki Zsolt (Fot\u00f3: Rosta Tibor)\" src=\"http:\/\/www.ofze.hu\/w\/wp-content\/uploads\/2016\/06\/160620_putnoki_zsolt_karnagy.jpg\" width=\"500\" height=\"333\" srcset=\"https:\/\/www.ofze.hu\/w\/wp-content\/uploads\/2016\/06\/160620_putnoki_zsolt_karnagy.jpg 500w, https:\/\/www.ofze.hu\/w\/wp-content\/uploads\/2016\/06\/160620_putnoki_zsolt_karnagy-300x199.jpg 300w\" sizes=\"(max-width: 500px) 100vw, 500px\" \/><\/a><p id=\"caption-attachment-2389\" class=\"wp-caption-text\">Zenekarunk \u00faj karnagya, Putnoki Zsolt (Fot\u00f3: Rosta Tibor)<\/p><\/div>\n<p><strong>H\u00edr m\u00e9g egyes\u00fclet\u00fcnk h\u00e1za t\u00e1j\u00e1r\u00f3l, hogy a k\u00f6zgy\u0171l\u00e9s megv\u00e1lasztotta az \u00faj vezet\u0151s\u00e9get, \u00e9s megvan az els\u0151 fell\u00e9p\u00e9s id\u0151pontja is az \u00faj karnaggyal.<\/strong><!--more--><\/p>\n<p><a href=\"http:\/\/www.ofze.hu\/w\/2011\/04\/30\/uj-karnagy-a-zenekar-elen\/\" target=\"_blank\" rel=\"noopener\">T\u00f6bb mint 4 \u00e9vnyi k\u00f6z\u00f6s munka<\/a>, pr\u00f3b\u00e1k \u00e9s zajos sikerek ut\u00e1n 2016. \u00e1prilis\u00e1ban elk\u00f6sz\u00f6nt t\u0151l\u00fcnk Fab\u00f3k L\u00e1szl\u00f3 karnagy.<br \/>\n\u2013 Szeretn\u00e9m megk\u00f6sz\u00f6nni Fab\u00f3k L\u00e1szl\u00f3 \u00e9veken \u00e1t v\u00e9gzett, kimagasl\u00f3 sz\u00ednvonal\u00fa szakmai munk\u00e1j\u00e1t. Magam \u00e9s a zenekar nev\u00e9ben is sok sikert k\u00edv\u00e1nok neki mind mag\u00e1n\u00e9let\u00e9ben, mind m\u0171v\u00e9szeti p\u00e1ly\u00e1j\u00e1n \u2013 mondja Kov\u00e1cs Imre, egyes\u00fclet\u00fcnk eln\u00f6ke.<\/p>\n<p>Ezt k\u00f6vet\u0151en adott volt a feladat: \u00faj karnagyot kellett keresni a zenekar \u00e9l\u00e9re. Ez a folyamat b\u0151 egy h\u00f3napig tartott, de mi addig sem maradtunk zene n\u00e9lk\u00fcl: koncertmester\u00fcnk, K. T\u00f3th P\u00e9ter ir\u00e1ny\u00edt\u00e1s\u00e1val pr\u00f3b\u00e1ltunk, az \u00e1ltalunk j\u00f3l ismert \u00e9s tudott zen\u00e9ket j\u00e1tszottuk hetente egyszer.<\/p>\n<h2>A &#8220;karnagycasting&#8221; m\u00e1jus elej\u00e9re sikerrel j\u00e1rt<\/h2>\n<p>\u2013 Nagy \u00f6r\u00f6m\u00fcnkre a b\u00e9k\u00e9scsabai sz\u00e1rmaz\u00e1s\u00fa, de Orosh\u00e1z\u00e1n tan\u00edt\u00f3 Putnoki Zsolt m\u0171v\u00e9sztan\u00e1r elv\u00e1llalta a karnagyi felk\u00e9r\u00e9st, \u00edgy \u0151 vezeti mostant\u00f3l a zenekar szakmai munk\u00e1j\u00e1t \u2013 jelentette be Kov\u00e1cs Imre.<\/p>\n<p>Putnoki Zsolt trombitaszakon diplom\u00e1zott Szegeden, majd Debrecenben szerezte meg a f\u00fav\u00f3skarnagyi k\u00e9pes\u00edt\u00e9st.<br \/>\n\u2013 A Hajd\u00faszoboszl\u00f3i Ifj\u00fas\u00e1gi F\u00fav\u00f3szenekart vezettem t\u00f6bb \u00e9ven \u00e1t, emellett katonazen\u00e9szk\u00e9nt a Debreceni Hely\u0151rs\u00e9g Zenekar\u00e1ban \u00e9s a Veszpr\u00e9mi L\u00e9gier\u0151 Big Bandben j\u00e1tszottam \u00e9vekig \u2013 mondja mag\u00e1r\u00f3l r\u00f6viden \u00faj szakmai vezet\u0151nk.<\/p>\n<div id=\"attachment_2386\" style=\"width: 510px\" class=\"wp-caption aligncenter\"><a href=\"http:\/\/www.ofze.hu\/w\/wp-content\/uploads\/2016\/06\/160610_putnoki_zsolt_karnagy_fuvolasok.jpg\"><img loading=\"lazy\" decoding=\"async\" aria-describedby=\"caption-attachment-2386\" class=\"size-full wp-image-2386\" alt=\"\u00daj karnagyunk j\u00f3 ked\u00e9llyel vetette mag\u00e1t munk\u00e1ba (Fot\u00f3: Rosta Tibor)\" src=\"http:\/\/www.ofze.hu\/w\/wp-content\/uploads\/2016\/06\/160610_putnoki_zsolt_karnagy_fuvolasok.jpg\" width=\"500\" height=\"302\" srcset=\"https:\/\/www.ofze.hu\/w\/wp-content\/uploads\/2016\/06\/160610_putnoki_zsolt_karnagy_fuvolasok.jpg 500w, https:\/\/www.ofze.hu\/w\/wp-content\/uploads\/2016\/06\/160610_putnoki_zsolt_karnagy_fuvolasok-300x181.jpg 300w\" sizes=\"(max-width: 500px) 100vw, 500px\" \/><\/a><p id=\"caption-attachment-2386\" class=\"wp-caption-text\">\u00daj karnagyunk j\u00f3 ked\u00e9llyel vetette mag\u00e1t munk\u00e1ba (Fot\u00f3: Rosta Tibor)<\/p><\/div>\n<p>\u2013 Az orosh\u00e1zi zenekar az orsz\u00e1gban is egyed\u00fcl\u00e1ll\u00f3 m\u00falttal rendelkezik, \u00e9s amit eddig tapasztaltam t\u0151l\u00fck, az mindenk\u00e9ppen meggy\u0151z\u0151. A zenekar j\u00e1t\u00e9km\u00f3dja kiv\u00e1l\u00f3, j\u00f3 zen\u00e9szekb\u0151l \u00e1llnak mind szakmailag, mind emberileg. \u00d6r\u00fcl\u00f6k, hogy r\u00e1m gondoltak \u00e9s \u00e9n vez\u00e9nyelhetem \u0151ket.\u00a0<span style=\"line-height: 1.5em;\">Az els\u0151 komolyabb fell\u00e9p\u00e9s\u00fcnk a zombai falunapon lesz j\u00fanius 25-\u00e9n, de ezt k\u00f6vet\u0151en a k\u00f6rnyez\u0151 telep\u00fcl\u00e9seken is felt\u0171nhet\u00fcnk majd\u00a0<\/span><span style=\"line-height: 1.5em;\">\u2013 tette hozz\u00e1.<\/span><\/p>\n<blockquote><p><strong>Az els\u0151 fell\u00e9p\u00e9s\u00fcnk az \u00faj karnaggyal j\u00fanius 17-\u00e9n, 17 \u00f3r\u00e1t\u00f3l lesz a f\u0151t\u00e9ren. A Focifaluban k\u00e9t Eur\u00f3pa-bajnoki meccs k\u00f6z\u00f6tt j\u00e1tsszunk t\u00e9rzen\u00e9t. Gyertek, hallgassatok meg minket!<\/strong><\/p><\/blockquote>\n<p>A hosszabb t\u00e1v\u00fa terv pedig a j\u00f6v\u0151re n\u00e9zve egy k\u00fclf\u00f6ldi turn\u00e9 megszervez\u00e9se lesz.<br \/>\n\u2013 Szeretn\u00e9nk olyan zen\u00e9t j\u00e1tszani, olyan \u00e9lm\u00e9nyt ny\u00fajtani, ami az embereknek kikapcsol\u00f3d\u00e1st jelent. Azokat a hagyom\u00e1nyokat, \u00e9s szakmai dolgokat, amiket el\u0151deim, K. T\u00f3th L\u00e1szl\u00f3 \u00e9s Fab\u00f3k L\u00e1szl\u00f3 fel\u00e9p\u00edtett, mindenk\u00e9ppen megtartjuk. De el szeretn\u00e9k egy \u00fajfajta ir\u00e1nyba indulni, hogy a k\u00f6nny\u0171zen\u00e9t a nagyk\u00f6z\u00f6ns\u00e9g sz\u00e1m\u00e1ra kifejezetten sz\u00f3rakoztat\u00f3 form\u00e1ban j\u00e1tsszuk \u2013 mondta Putnoki Zsolt, akivel hamarosan egy hosszabb bemutatkoz\u00f3 interj\u00fat is k\u00f6zl\u00fcnk itt a zenekar oldal\u00e1n.<\/p>\n<h2>\u00daj vezet\u0151s\u00e9g az egyes\u00fcletben<\/h2>\n<p>Mindek\u00f6zben az egyes\u00fclet h\u00e1za t\u00e1j\u00e1n is volt munka b\u0151ven, hiszen lej\u00e1rt a vezet\u0151s\u00e9g 4 \u00e9ves mand\u00e1tuma. A k\u00f6zgy\u0171l\u00e9s m\u00e1jus 20-\u00e1n ez\u00e9rt sok egy\u00e9b mellett \u00faj vezet\u0151s\u00e9get is v\u00e1lasztott.<\/p>\n<div id=\"attachment_2387\" style=\"width: 510px\" class=\"wp-caption aligncenter\"><a href=\"http:\/\/www.ofze.hu\/w\/wp-content\/uploads\/2016\/06\/160520_kozgyules.jpg\"><img loading=\"lazy\" decoding=\"async\" aria-describedby=\"caption-attachment-2387\" class=\"size-full wp-image-2387\" alt=\"A k\u00f6gy\u0171l\u00e9s megv\u00e1lasztotta az \u00faj vezet\u0151s\u00e9get (Fot\u00f3: K\u00e1lm\u00e1n L\u00e1szl\u00f3)\" src=\"http:\/\/www.ofze.hu\/w\/wp-content\/uploads\/2016\/06\/160520_kozgyules.jpg\" width=\"500\" height=\"308\" srcset=\"https:\/\/www.ofze.hu\/w\/wp-content\/uploads\/2016\/06\/160520_kozgyules.jpg 500w, https:\/\/www.ofze.hu\/w\/wp-content\/uploads\/2016\/06\/160520_kozgyules-300x184.jpg 300w\" sizes=\"(max-width: 500px) 100vw, 500px\" \/><\/a><p id=\"caption-attachment-2387\" class=\"wp-caption-text\">A k\u00f6zgy\u0171l\u00e9s megv\u00e1lasztotta az \u00faj vezet\u0151s\u00e9get (Fot\u00f3: K\u00e1lm\u00e1n L\u00e1szl\u00f3)<\/p><\/div>\n<p>Eln\u00f6k\u00fcnk tov\u00e1bbra is Kov\u00e1cs Imre maradt, aki \u00edgy m\u00e1r harmadik ciklus\u00e1t kezdi meg n\u00e1lunk. A vezet\u0151s\u00e9g tagja lett m\u00e9g Kardosn\u00e9 B\u00e1nhidi \u00c9va, Forj\u00e1n Orsolya (gazdas\u00e1gi vezet\u0151), Podmaniczkin\u00e9 Szegi Katalin, Kov\u00e1cs P\u00e9ter (titk\u00e1r), K. T\u00f3th P\u00e9ter (koncertmester), Melega Kriszti\u00e1n. Megb\u00edzat\u00e1suk 4 \u00e9vre sz\u00f3l.<\/p>\n","protected":false},"excerpt":{"rendered":"<p>Karnagyv\u00e1lt\u00e1s t\u00f6rt\u00e9nt zenekarunk \u00e9l\u00e9n. Fab\u00f3k L\u00e1szl\u00f3 lemondott, hely\u00e9re az egykori katonazen\u00e9sz, jelenleg zenetan\u00e1r Putnoki Zsolt \u00e9rkezett.<\/p>\n","protected":false},"author":2,"featured_media":2386,"comment_status":"closed","ping_status":"closed","sticky":false,"template":"","format":"standard","meta":{"ngg_post_thumbnail":0,"footnotes":""},"categories":[5],"tags":[86,99,79,98],"_links":{"self":[{"href":"https:\/\/www.ofze.hu\/w\/wp-json\/wp\/v2\/posts\/2382"}],"collection":[{"href":"https:\/\/www.ofze.hu\/w\/wp-json\/wp\/v2\/posts"}],"about":[{"href":"https:\/\/www.ofze.hu\/w\/wp-json\/wp\/v2\/types\/post"}],"author":[{"embeddable":true,"href":"https:\/\/www.ofze.hu\/w\/wp-json\/wp\/v2\/users\/2"}],"replies":[{"embeddable":true,"href":"https:\/\/www.ofze.hu\/w\/wp-json\/wp\/v2\/comments?post=2382"}],"version-history":[{"count":14,"href":"https:\/\/www.ofze.hu\/w\/wp-json\/wp\/v2\/posts\/2382\/revisions"}],"predecessor-version":[{"id":3534,"href":"https:\/\/www.ofze.hu\/w\/wp-json\/wp\/v2\/posts\/2382\/revisions\/3534"}],"wp:featuredmedia":[{"embeddable":true,"href":"https:\/\/www.ofze.hu\/w\/wp-json\/wp\/v2\/media\/2386"}],"wp:attachment":[{"href":"https:\/\/www.ofze.hu\/w\/wp-json\/wp\/v2\/media?parent=2382"}],"wp:term":[{"taxonomy":"category","embeddable":true,"href":"https:\/\/www.ofze.hu\/w\/wp-json\/wp\/v2\/categories?post=2382"},{"taxonomy":"post_tag","embeddable":true,"href":"https:\/\/www.ofze.hu\/w\/wp-json\/wp\/v2\/tags?post=2382"}],"curies":[{"name":"wp","href":"https:\/\/api.w.org\/{rel}","templated":true}]}}