{"id":2393,"date":"2016-06-16T08:05:03","date_gmt":"2016-06-16T06:05:03","guid":{"rendered":"http:\/\/www.ofze.hu\/w\/?p=2393"},"modified":"2024-10-23T16:19:59","modified_gmt":"2024-10-23T14:19:59","slug":"uj-karnaggyal-indul-a-nyarnak-a-fuvoszenekar-video","status":"publish","type":"post","link":"https:\/\/www.ofze.hu\/w\/2016\/06\/16\/uj-karnaggyal-indul-a-nyarnak-a-fuvoszenekar-video\/","title":{"rendered":"\u00daj karnaggyal indul a ny\u00e1rnak a f\u00fav\u00f3szenekar (vide\u00f3)"},"content":{"rendered":"<p><strong>Az Orosh\u00e1zi F\u00fav\u00f3szenekar p\u00e9nteken t\u00e9rzen\u00e9t ad a f\u0151t\u00e9ren, a focifaluban. A koncerten \u00faj karnaggyal l\u00e9pnek m\u00e1r f\u00f6l, ez lesz Putnoki Zsolt els\u0151 dirig\u00e1l\u00e1sa az orosh\u00e1ziak \u00e9l\u00e9n, 17 \u00f3rai kezdettel.<\/strong><\/p>\n<p><a href=\"http:\/\/oroscafe.hu\/2016\/06\/15\/uj-karnaggyal-indul-a-nyarnak-a-fuvoszenekar-video\/cikk\/imrejuli\" target=\"_blank\" rel=\"noopener\">Mindezt az OrosCaf\u00e9 \u00edrta r\u00f3lunk<\/a>, akik vide\u00f3s anyaggal mutatt\u00e1k be a v\u00e1rosnak, hogy \u00faj karnagyunk \u00e9s \u00faj vezet\u0151s\u00e9g\u00fcnk van.<\/p>\n<p><iframe loading=\"lazy\" src=\"https:\/\/www.youtube.com\/embed\/M9973tx6Z9I?rel=0\" width=\"500\" height=\"281\" frameborder=\"0\" allowfullscreen=\"allowfullscreen\"><\/iframe><\/p>\n","protected":false},"excerpt":{"rendered":"<p>Az Orosh\u00e1zi F\u00fav\u00f3szenekar p\u00e9nteken t\u00e9rzen\u00e9t ad a f\u0151t\u00e9ren, a focifaluban. A koncerten \u00faj karnaggyal l\u00e9pnek m\u00e1r f\u00f6l, ez lesz Putnoki Zsolt els\u0151 dirig\u00e1l\u00e1sa az orosh\u00e1ziak \u00e9l\u00e9n, 17 \u00f3rai kezdettel.<\/p>\n","protected":false},"author":79,"featured_media":2395,"comment_status":"closed","ping_status":"closed","sticky":false,"template":"","format":"standard","meta":{"ngg_post_thumbnail":0,"footnotes":""},"categories":[83],"tags":[86,99,98],"_links":{"self":[{"href":"https:\/\/www.ofze.hu\/w\/wp-json\/wp\/v2\/posts\/2393"}],"collection":[{"href":"https:\/\/www.ofze.hu\/w\/wp-json\/wp\/v2\/posts"}],"about":[{"href":"https:\/\/www.ofze.hu\/w\/wp-json\/wp\/v2\/types\/post"}],"author":[{"embeddable":true,"href":"https:\/\/www.ofze.hu\/w\/wp-json\/wp\/v2\/users\/79"}],"replies":[{"embeddable":true,"href":"https:\/\/www.ofze.hu\/w\/wp-json\/wp\/v2\/comments?post=2393"}],"version-history":[{"count":8,"href":"https:\/\/www.ofze.hu\/w\/wp-json\/wp\/v2\/posts\/2393\/revisions"}],"predecessor-version":[{"id":3533,"href":"https:\/\/www.ofze.hu\/w\/wp-json\/wp\/v2\/posts\/2393\/revisions\/3533"}],"wp:featuredmedia":[{"embeddable":true,"href":"https:\/\/www.ofze.hu\/w\/wp-json\/wp\/v2\/media\/2395"}],"wp:attachment":[{"href":"https:\/\/www.ofze.hu\/w\/wp-json\/wp\/v2\/media?parent=2393"}],"wp:term":[{"taxonomy":"category","embeddable":true,"href":"https:\/\/www.ofze.hu\/w\/wp-json\/wp\/v2\/categories?post=2393"},{"taxonomy":"post_tag","embeddable":true,"href":"https:\/\/www.ofze.hu\/w\/wp-json\/wp\/v2\/tags?post=2393"}],"curies":[{"name":"wp","href":"https:\/\/api.w.org\/{rel}","templated":true}]}}