{"id":2415,"date":"2016-11-14T20:22:05","date_gmt":"2016-11-14T19:22:05","guid":{"rendered":"http:\/\/www.ofze.hu\/w\/?p=2415"},"modified":"2024-10-23T16:19:59","modified_gmt":"2024-10-23T14:19:59","slug":"ujabb-valtas-koszegi-nemeth-jozsef-a-zenekar-karnagya","status":"publish","type":"post","link":"https:\/\/www.ofze.hu\/w\/2016\/11\/14\/ujabb-valtas-koszegi-nemeth-jozsef-a-zenekar-karnagya\/","title":{"rendered":"\u00dajabb v\u00e1lt\u00e1s &#8211; K\u0151szegi-N\u00e9meth J\u00f3zsef a zenekar karnagya"},"content":{"rendered":"<p><strong>Mondj\u00e1k, hogy az \u00e9let nagy rendez\u0151, \u00e9s ezt id\u0151r\u0151l-id\u0151re be is bizony\u00edtja, hiszen id\u00e9n m\u00e1r a harmadik karnagy vezeti a zenekar szakmai munk\u00e1j\u00e1t.<\/strong><\/p>\n<div id=\"attachment_2423\" style=\"width: 510px\" class=\"wp-caption aligncenter\"><a href=\"http:\/\/www.ofze.hu\/w\/wp-content\/uploads\/2016\/11\/161023_fuvoszenekar_koszegi_nemeth_jozsef.jpg\"><img loading=\"lazy\" decoding=\"async\" aria-describedby=\"caption-attachment-2423\" class=\"size-full wp-image-2423\" src=\"http:\/\/www.ofze.hu\/w\/wp-content\/uploads\/2016\/11\/161023_fuvoszenekar_koszegi_nemeth_jozsef.jpg\" alt=\"Az els\u0151 hivatalos fell\u00e9p\u00e9s \u00faj karnagyunkkal okt\u00f3ber 23-\u00e1n. (Fot\u00f3: Kecskem\u00e9ti Krisztina\/OrosCaf\u00e9.hu)\" width=\"500\" height=\"332\" srcset=\"https:\/\/www.ofze.hu\/w\/wp-content\/uploads\/2016\/11\/161023_fuvoszenekar_koszegi_nemeth_jozsef.jpg 500w, https:\/\/www.ofze.hu\/w\/wp-content\/uploads\/2016\/11\/161023_fuvoszenekar_koszegi_nemeth_jozsef-300x199.jpg 300w\" sizes=\"(max-width: 500px) 100vw, 500px\" \/><\/a><p id=\"caption-attachment-2423\" class=\"wp-caption-text\">Az els\u0151 hivatalos fell\u00e9p\u00e9s \u00faj karnagyunkkal okt\u00f3ber 23-\u00e1n. (Fot\u00f3: Kecskem\u00e9ti Krisztina\/OrosCaf\u00e9.hu)<\/p><\/div>\n<p><strong>K\u0151szegi-N\u00e9meth J\u00f3zsef szeptember v\u00e9g\u00e9n v\u00e1ltotta Putnoki Zsoltot.<\/strong><!--more--><\/p>\n<p><a href=\"http:\/\/www.ofze.hu\/w\/2016\/06\/07\/majustol-putnoki-zsolt-vezenyel-minket\/\" target=\"_blank\" rel=\"noopener\">Fab\u00f3k L\u00e1szl\u00f3 id\u00e9n \u00e1prilisban mondott le<\/a>, <a href=\"http:\/\/www.ofze.hu\/w\/2016\/06\/16\/uj-karnaggyal-indul-a-nyarnak-a-fuvoszenekar-video\/\" target=\"_blank\" rel=\"noopener\">hely\u00e9re \u00e9rkezett B\u00e9k\u00e9scsab\u00e1r\u00f3l Putnoki Zsolt<\/a>, akivel <a href=\"http:\/\/www.ofze.hu\/w\/2016\/09\/02\/terzenek-a-nyarban-fociorulettel-video\/\" target=\"_blank\" rel=\"noopener\">a ny\u00e1ron igencsak akt\u00edv munk\u00e1t v\u00e9gezt\u00fcnk, \u00e9s sokat zen\u00e9lt\u00fcnk<\/a>. N\u00e9h\u00e1ny hete azonban m\u00e1r nem \u0151 vezeti a szakmai munk\u00e1t a zenekar \u00e9l\u00e9n.<\/p>\n<p>\u2013 Az \u00fajabb karnagyv\u00e1lt\u00e1st egy \u00f6r\u00f6mteli k\u00e9nyszer sz\u00fclte. Putnoki Zsolt megn\u0151s\u00fclt, \u00e9s B\u00e9k\u00e9scsab\u00e1r\u00f3l elk\u00f6lt\u00f6z\u00f6tt Budapestre. \u00c9rthet\u0151, hogy onnan nem tudja a zenekart vezetni, ez\u00e9rt k\u00f6z\u00f6s megegyez\u00e9ssel szeptember elej\u00e9n szerz\u0151d\u00e9st bontottunk vele \u2013 ismertette Kov\u00e1cs Imre, az Orosh\u00e1zi F\u00fav\u00f3szenekari Egyes\u00fclet eln\u00f6ke. \u2013 Nagyon sajn\u00e1ljuk, hogy \u00edgy alakult, hiszen a zenekar igencsak megkedvelte Zsoltot, de az \u00e9let ezt hozta. Innen is k\u00edv\u00e1nunk neki sok boldogs\u00e1got \u00e9s rengeteg szakmai sikert \u2013 fogalmazott az eln\u00f6k.<\/p>\n<p>Ezt k\u00f6vet\u0151en \u00fajabb karnagykeres\u00e9sbe kezdt\u00fcnk, \u00e9s t\u00f6bb jel\u00f6lttel is t\u00e1rgyalt az egyes\u00fclet eln\u00f6ke. V\u00e9g\u00fcl szeptember v\u00e9g\u00e9n megtal\u00e1ltuk az \u00faj karnagyot.<br \/>\n\u2013 Az egyes\u00fclet vezet\u00e9se egy h\u00f3napos pr\u00f3baid\u0151 ut\u00e1n K\u0151szegi-N\u00e9meth J\u00f3zsef \u00e9nekm\u0171v\u00e9sszel, m\u0171v\u00e9sztan\u00e1rral k\u00f6t\u00f6tt egy \u00e9ves szerz\u0151d\u00e9st, a zenekar okt\u00f3ber eleje \u00f3ta m\u00e1r vele dolgozik, \u00e9s jav\u00e1ban k\u00e9sz\u00fcl a december 29-ei 27. Szilveszteri hangversenyre \u2013 jelentette be Kov\u00e1cs Imre.<\/p>\n<h2>Sz\u00f3rakoztatni, min\u0151s\u00e9gi f\u00fav\u00f3szen\u00e9vel<\/h2>\n<p>\u00daj karnagyunk v\u00e9rbeli zen\u00e9sz ember. F\u00fav\u00f3sk\u00e9nt kezdte, majd \u00e1tt\u00e9rt az \u00e9nek szakra. Nem ismeretlen el\u0151tt\u00fcnk, hiszen \u00e9vek \u00f3ta az orosh\u00e1zi Liszt Ferenc M\u0171v\u00e9szeti Iskola igazgat\u00f3ja, \u00e9s beugr\u00f3k\u00e9nt n\u00e9h\u00e1ny \u00e9ve m\u00e1r vez\u00e9nyelt minket.<\/p>\n<blockquote><p><strong>\u2013 Legf\u0151bb c\u00e9lom, hogy \u00fajra a r\u00e9gi nagy f\u00e9ny\u00e9ben t\u00fcnd\u00f6k\u00f6lj\u00f6n a zenekar. Tudom, hogy ehhez rengeteg munka kell, de \u00e1llok el\u00e9be \u2013 fogalmazta meg els\u0151 gondolat\u00e1t \u00fajdons\u00fclt karnagyunk. <\/strong><\/p><\/blockquote>\n<p>\u2013 Szeretn\u00e9m \u00f6sszegy\u0171jteni a pozit\u00edv energi\u00e1kat, visszahozni a r\u00e9gi tagokat \u00e9s \u00fajakat, fiatalokat be\u00fcltetni a zenekarba. Csak \u00edgy m\u0171k\u00f6dhet j\u00f3l a zenekar. Azt szeretn\u00e9m, hogy olyan zen\u00e9ket j\u00e1tsszunk, \u00e9s \u00fagy adjuk el\u0151, hogy azt a zenekar \u00e9s a k\u00f6z\u00f6ns\u00e9g is maxim\u00e1lisan \u00e9lvezze. A december v\u00e9gi szilveszteri hangverseny anyag\u00e1t m\u00e1r \u00edgy \u00e1ll\u00edtom \u00f6ssze, k\u00f6z\u00f6sen a zen\u00e9szekkel. Az\u00e9rt vel\u00fck egy\u00fctt, ugyanis ez csapatmunka, k\u00f6z\u00f6sen kell dolgoznunk a siker\u00e9rt \u2013 fogalmazta meg a zenekar vezet\u0151je.<\/p>\n","protected":false},"excerpt":{"rendered":"<p>Id\u00e9n m\u00e1r a harmadik karnagy vezeti a zenekar szakmai munk\u00e1j\u00e1t. K\u0151szegi-N\u00e9meth J\u00f3zsef szeptember v\u00e9g\u00e9n v\u00e1ltotta Putnoki Zsoltot.<\/p>\n","protected":false},"author":2,"featured_media":2423,"comment_status":"closed","ping_status":"closed","sticky":false,"template":"","format":"standard","meta":{"ngg_post_thumbnail":0,"footnotes":""},"categories":[5],"tags":[86,100,99],"_links":{"self":[{"href":"https:\/\/www.ofze.hu\/w\/wp-json\/wp\/v2\/posts\/2415"}],"collection":[{"href":"https:\/\/www.ofze.hu\/w\/wp-json\/wp\/v2\/posts"}],"about":[{"href":"https:\/\/www.ofze.hu\/w\/wp-json\/wp\/v2\/types\/post"}],"author":[{"embeddable":true,"href":"https:\/\/www.ofze.hu\/w\/wp-json\/wp\/v2\/users\/2"}],"replies":[{"embeddable":true,"href":"https:\/\/www.ofze.hu\/w\/wp-json\/wp\/v2\/comments?post=2415"}],"version-history":[{"count":10,"href":"https:\/\/www.ofze.hu\/w\/wp-json\/wp\/v2\/posts\/2415\/revisions"}],"predecessor-version":[{"id":2561,"href":"https:\/\/www.ofze.hu\/w\/wp-json\/wp\/v2\/posts\/2415\/revisions\/2561"}],"wp:featuredmedia":[{"embeddable":true,"href":"https:\/\/www.ofze.hu\/w\/wp-json\/wp\/v2\/media\/2423"}],"wp:attachment":[{"href":"https:\/\/www.ofze.hu\/w\/wp-json\/wp\/v2\/media?parent=2415"}],"wp:term":[{"taxonomy":"category","embeddable":true,"href":"https:\/\/www.ofze.hu\/w\/wp-json\/wp\/v2\/categories?post=2415"},{"taxonomy":"post_tag","embeddable":true,"href":"https:\/\/www.ofze.hu\/w\/wp-json\/wp\/v2\/tags?post=2415"}],"curies":[{"name":"wp","href":"https:\/\/api.w.org\/{rel}","templated":true}]}}