{"id":2620,"date":"2017-07-18T11:49:03","date_gmt":"2017-07-18T09:49:03","guid":{"rendered":"http:\/\/www.ofze.hu\/w\/?p=2620"},"modified":"2024-10-23T16:19:59","modified_gmt":"2024-10-23T14:19:59","slug":"szigliget-2017-ujabb-turne-a-balatonon","status":"publish","type":"post","link":"https:\/\/www.ofze.hu\/w\/2017\/07\/18\/szigliget-2017-ujabb-turne-a-balatonon\/","title":{"rendered":"Szigliget 2017 &#8211; \u00fajabb turn\u00e9 a Balatonon"},"content":{"rendered":"<p><strong>Sz\u00e1munka az idei \u00e9v egyik legjobban v\u00e1rt 5 napja indul j\u00falius 21-\u00e9n, amikor hajnal 5-kor kig\u00f6rd\u00fcl az aut\u00f3busz a m\u0171vh\u00e1z m\u00f6g\u00fcl, \u00e9s elindulunk a ny\u00e1ri turn\u00e9ra.&nbsp;<\/strong><\/p>\n<div id=\"attachment_2253\" style=\"width: 510px\" class=\"wp-caption aligncenter\"><img loading=\"lazy\" decoding=\"async\" aria-describedby=\"caption-attachment-2253\" class=\"size-full wp-image-2253\" src=\"http:\/\/www.ofze.hu\/w\/wp-content\/uploads\/2013\/07\/szigliget_kikoto.jpg\" alt=\"\" width=\"500\" height=\"335\" srcset=\"https:\/\/www.ofze.hu\/w\/wp-content\/uploads\/2013\/07\/szigliget_kikoto.jpg 500w, https:\/\/www.ofze.hu\/w\/wp-content\/uploads\/2013\/07\/szigliget_kikoto-300x201.jpg 300w\" sizes=\"(max-width: 500px) 100vw, 500px\" \/><p id=\"caption-attachment-2253\" class=\"wp-caption-text\">\u00dajra j\u00f6v\u00fcnk!<\/p><\/div>\n<p><!--more-->Az 1990-es \u00e9vekben \u00e9s a 2000-es \u00e9vek elej\u00e9n rendszeres l\u00e1togat\u00f3i voltunk a Balaton parti telep\u00fcl\u00e9snek.&nbsp;Az \u00fatic\u00e9l most is \u2013&nbsp;<a href=\"http:\/\/www.ofze.hu\/w\/2013\/07\/16\/irany-szigliget-kovess-minket-a-turnen\/\">ahogy legut\u00f3bb, 2013-ban<\/a> \u2013&nbsp;Szigliget lesz.<\/p>\n<p>Persze nem csak pihenni \u00e9s bulizni megy\u00fcnk, hiszen karnagyunk, K\u0151szegi-N\u00e9meth J\u00f3zsef k\u00e9r\u00e9s\u00e9re egy komplett l\u00e1d\u00e1t pakoltunk tele kott\u00e1val, ezeket fogjuk majd \u00e1tj\u00e1tszani a pr\u00f3b\u00e1kon.<\/p>\n<blockquote class=\"instagram-media\" style=\"background: #FFF; border: 0; border-radius: 3px; box-shadow: 0 0 1px 0 rgba(0,0,0,0.5),0 1px 10px 0 rgba(0,0,0,0.15); margin: 1px; max-width: 658px; padding: 0; width: calc(100% - 2px);\" data-instgrm-captioned=\"\" data-instgrm-version=\"7\">\n<div style=\"padding: 8px;\">\n<div style=\"background: #F8F8F8; line-height: 0; margin-top: 40px; padding: 50.0% 0; text-align: center; width: 100%;\">&nbsp;<\/div>\n<p style=\"margin: 8px 0 0 0; padding: 0 4px;\"><a style=\"color: #000; font-family: Arial,sans-serif; font-size: 14px; font-style: normal; font-weight: normal; line-height: 17px; text-decoration: none; word-wrap: break-word;\" href=\"https:\/\/www.instagram.com\/p\/BWp19KqgwNX\/\" target=\"_blank\" rel=\"noopener\">Egy eg\u00e9sz l\u00e1d\u00e1nyi kott\u00e1t visz\u00fcnk magunkkal a #szigliget -i zenet\u00e1borba. Kottat\u00e1rosunk, @jeszenszkybius m\u00e1r j\u00f3 el\u0151re bepakolta mindet, m\u00e9g seg\u00edt\u0151i is akadtak. ???? #ofze #band #oroshaza #brassband #more3dayuntilthebandcamp #beforebandcamp #mindj\u00e1rtturn\u00e9 #pakol\u00e1s #mindj\u00e1rtzenet\u00e1bor<\/a><\/p>\n<p style=\"color: #c9c8cd; font-family: Arial,sans-serif; font-size: 14px; line-height: 17px; margin-bottom: 0; margin-top: 8px; overflow: hidden; padding: 8px 0 7px; text-align: center; text-overflow: ellipsis; white-space: nowrap;\">Orosh\u00e1zi F\u00fav\u00f3szenekar (@ofzeoh) \u00e1ltal megosztott bejegyz\u00e9s, <time style=\"font-family: Arial,sans-serif; font-size: 14px; line-height: 17px;\" datetime=\"2017-07-17T16:07:15+00:00\">2017. J\u00fal 17., 09:07 PDT<\/time><\/p>\n<\/div>\n<\/blockquote>\n<p><script async=\"\" defer=\"\" src=\"\/\/platform.instagram.com\/en_US\/embeds.js\"><\/script><\/p>\n<h2 style=\"text-align: left;\">K\u00f6zvet\u00edt\u00fcnk Facebookon, Twitteren \u00e9s Instagramon is<\/h2>\n<p style=\"text-align: left;\">Ahogy az t\u0151l\u00fcnk megszokott, a turn\u00e9t most is k\u00f6vethetitek itthonr\u00f3l, hiszen k\u00e9pekben, sz\u00f6vegben \u00e9s vide\u00f3kban is adunk magunkr\u00f3l majd \u00e9letjeleket. <a href=\"https:\/\/www.facebook.com\/fuvoszenekar\" target=\"_blank\" rel=\"noopener\">A Facebook oldalunkon<\/a>&nbsp;<a href=\"https:\/\/www.facebook.com\/pg\/fuvoszenekar\/photos\/?tab=album&amp;album_id=10154693544802091\" target=\"_blank\" rel=\"noopener\">ide kattintva<\/a> tal\u00e1lhat\u00f3 a fot\u00f3album, de toljuk majd a k\u00e9peket <a href=\"http:\/\/www.twitter.com\/ofze\" target=\"_blank\" rel=\"noopener\">Twitteren<\/a> \u00e9s&nbsp;leg\u00fajabb k\u00f6z\u00f6ss\u00e9gi platformunkon, <a href=\"https:\/\/www.instagram.com\/ofzeoh\/\" target=\"_blank\" rel=\"noopener\">Instagramon<\/a> is.<\/p>\n<p style=\"text-align: left;\">Ha \u00fczenni akarsz nek\u00fcnk twitteren, tedd a csirip v\u00e9g\u00e9re az #ofzeturne sz\u00f6veget, \u00e9s az is megjelenik a falon. Ha pedig k\u00f6vetni szeretn\u00e9l minket, akkor&nbsp;<a href=\"http:\/\/www.twitter.com\/ofze\" target=\"_blank\" rel=\"noopener\">klikk ide<\/a>.<\/p>\n","protected":false},"excerpt":{"rendered":"<p>Sz\u00e1munka az idei \u00e9v egyik legjobban v\u00e1rt 5 napja indul j\u00falius 21-\u00e9n, amikor hajnal 5-kor kig\u00f6rd\u00fcl az aut\u00f3busz a m\u0171vh\u00e1z m\u00f6g\u00fcl, \u00e9s elindulunk a ny\u00e1ri turn\u00e9ra.\u00a0<\/p>\n","protected":false},"author":79,"featured_media":2253,"comment_status":"closed","ping_status":"closed","sticky":false,"template":"","format":"standard","meta":{"ngg_post_thumbnail":0,"footnotes":""},"categories":[4],"tags":[65,101,95,15],"_links":{"self":[{"href":"https:\/\/www.ofze.hu\/w\/wp-json\/wp\/v2\/posts\/2620"}],"collection":[{"href":"https:\/\/www.ofze.hu\/w\/wp-json\/wp\/v2\/posts"}],"about":[{"href":"https:\/\/www.ofze.hu\/w\/wp-json\/wp\/v2\/types\/post"}],"author":[{"embeddable":true,"href":"https:\/\/www.ofze.hu\/w\/wp-json\/wp\/v2\/users\/79"}],"replies":[{"embeddable":true,"href":"https:\/\/www.ofze.hu\/w\/wp-json\/wp\/v2\/comments?post=2620"}],"version-history":[{"count":9,"href":"https:\/\/www.ofze.hu\/w\/wp-json\/wp\/v2\/posts\/2620\/revisions"}],"predecessor-version":[{"id":2756,"href":"https:\/\/www.ofze.hu\/w\/wp-json\/wp\/v2\/posts\/2620\/revisions\/2756"}],"wp:featuredmedia":[{"embeddable":true,"href":"https:\/\/www.ofze.hu\/w\/wp-json\/wp\/v2\/media\/2253"}],"wp:attachment":[{"href":"https:\/\/www.ofze.hu\/w\/wp-json\/wp\/v2\/media?parent=2620"}],"wp:term":[{"taxonomy":"category","embeddable":true,"href":"https:\/\/www.ofze.hu\/w\/wp-json\/wp\/v2\/categories?post=2620"},{"taxonomy":"post_tag","embeddable":true,"href":"https:\/\/www.ofze.hu\/w\/wp-json\/wp\/v2\/tags?post=2620"}],"curies":[{"name":"wp","href":"https:\/\/api.w.org\/{rel}","templated":true}]}}