{"id":2758,"date":"2017-07-17T15:15:33","date_gmt":"2017-07-17T13:15:33","guid":{"rendered":"http:\/\/www.ofze.hu\/w\/?p=2758"},"modified":"2024-10-23T16:19:59","modified_gmt":"2024-10-23T14:19:59","slug":"videon-a-2017-es-47-templomi-hangverseny","status":"publish","type":"post","link":"https:\/\/www.ofze.hu\/w\/2017\/07\/17\/videon-a-2017-es-47-templomi-hangverseny\/","title":{"rendered":"Vide\u00f3n a 2017-es, 47. Templomi hangverseny"},"content":{"rendered":"<p><strong>Aki ott volt az\u00e9rt n\u00e9zze meg, hogy \u00fajra \u00e1t\u00e9lje. Aki nem volt ott, az\u00e9rt n\u00e9zze meg, hogy l\u00e1ssa, mir\u0151l maradt le.&nbsp;<\/strong><\/p>\n<div id=\"attachment_2831\" style=\"width: 510px\" class=\"wp-caption aligncenter\"><img loading=\"lazy\" decoding=\"async\" aria-describedby=\"caption-attachment-2831\" class=\"size-full wp-image-2831\" src=\"http:\/\/www.ofze.hu\/w\/wp-content\/uploads\/2017\/07\/170423_templomi_hangverseny001.jpg\" alt=\"\" width=\"500\" height=\"333\" srcset=\"https:\/\/www.ofze.hu\/w\/wp-content\/uploads\/2017\/07\/170423_templomi_hangverseny001.jpg 500w, https:\/\/www.ofze.hu\/w\/wp-content\/uploads\/2017\/07\/170423_templomi_hangverseny001-300x200.jpg 300w\" sizes=\"(max-width: 500px) 100vw, 500px\" \/><p id=\"caption-attachment-2831\" class=\"wp-caption-text\">Fot\u00f3: Kecskem\u00e9ti Krisztina<\/p><\/div>\n<p><!--more--><\/p>\n<p>A 47. Templomi hangversenyt 2017. \u00e1prilis 23-\u00e1n tartottuk az evang\u00e9likus templomban. Sokan voltak k\u00edv\u00e1ncsiak r\u00e1nk, aminek nagyon \u00f6r\u00fclt\u00fcnk.<\/p>\n<p>A koncertet n\u00e9gy kamer\u00e1val r\u00f6gz\u00edtett\u00fck, \u00e9s mostanra k\u00e9sz\u00fclt el a v\u00e9gleges, v\u00e1gott verzi\u00f3. Aki szeretn\u00e9, az eg\u00e9sz koncertet megn\u00e9zheti az al\u00e1bbi vide\u00f3ban. Aki viszont csak az egyes sz\u00e1mokra k\u00edv\u00e1ncsi, <a href=\"https:\/\/www.youtube.com\/playlist?list=PLrGbP9IJhG2E96euYzaQiUrHgRpbLPMWr\" target=\"_blank\" rel=\"noopener\">az kattintson ide<\/a>, \u00e9s m\u00e1ris v\u00e1logathat kedv\u00e9re.<\/p>\n<p><iframe loading=\"lazy\" title=\"47. Templomi hangverseny - teljes felv\u00e9tel (Orosh\u00e1zi F\u00fav\u00f3szenekar)\" width=\"500\" height=\"281\" src=\"https:\/\/www.youtube.com\/embed\/HTmwrk8IaVg?feature=oembed\" frameborder=\"0\" allow=\"accelerometer; autoplay; clipboard-write; encrypted-media; gyroscope; picture-in-picture; web-share\" referrerpolicy=\"strict-origin-when-cross-origin\" allowfullscreen><\/iframe><\/p>\n<p>Ha tov\u00e1bbi templomi koncert felv\u00e9teleket n\u00e9zne, arra is van lehet\u0151s\u00e9g. <a href=\"https:\/\/www.youtube.com\/playlist?list=PLrGbP9IJhG2FDA_UfLLL7uu93rvWHiwAj\" target=\"_blank\" rel=\"noopener\">Ide kattintva \u00e9rhet\u0151k el a 2015-\u00f6s koncert<\/a> legjobb zen\u00e9i, <a href=\"https:\/\/www.youtube.com\/playlist?list=PLrGbP9IJhG2Hw8ovOHCRg93SaTy5EgkbK\" target=\"_blank\" rel=\"noopener\">ide klikkelve pedig a 2012-es koncert felv\u00e9teleit<\/a> lehet meghallgatni.<\/p>\n","protected":false},"excerpt":{"rendered":"<p>Aki ott volt az\u00e9rt n\u00e9zze meg, hogy \u00fajra \u00e1t\u00e9lje. Aki nem volt ott, az\u00e9rt n\u00e9zze meg, hogy l\u00e1ssa, mir\u0151l maradt le.\u00a0<\/p>\n","protected":false},"author":79,"featured_media":2831,"comment_status":"closed","ping_status":"closed","sticky":false,"template":"","format":"standard","meta":{"ngg_post_thumbnail":0,"footnotes":""},"categories":[4],"tags":[8,6,9,103,102],"_links":{"self":[{"href":"https:\/\/www.ofze.hu\/w\/wp-json\/wp\/v2\/posts\/2758"}],"collection":[{"href":"https:\/\/www.ofze.hu\/w\/wp-json\/wp\/v2\/posts"}],"about":[{"href":"https:\/\/www.ofze.hu\/w\/wp-json\/wp\/v2\/types\/post"}],"author":[{"embeddable":true,"href":"https:\/\/www.ofze.hu\/w\/wp-json\/wp\/v2\/users\/79"}],"replies":[{"embeddable":true,"href":"https:\/\/www.ofze.hu\/w\/wp-json\/wp\/v2\/comments?post=2758"}],"version-history":[{"count":8,"href":"https:\/\/www.ofze.hu\/w\/wp-json\/wp\/v2\/posts\/2758\/revisions"}],"predecessor-version":[{"id":2830,"href":"https:\/\/www.ofze.hu\/w\/wp-json\/wp\/v2\/posts\/2758\/revisions\/2830"}],"wp:featuredmedia":[{"embeddable":true,"href":"https:\/\/www.ofze.hu\/w\/wp-json\/wp\/v2\/media\/2831"}],"wp:attachment":[{"href":"https:\/\/www.ofze.hu\/w\/wp-json\/wp\/v2\/media?parent=2758"}],"wp:term":[{"taxonomy":"category","embeddable":true,"href":"https:\/\/www.ofze.hu\/w\/wp-json\/wp\/v2\/categories?post=2758"},{"taxonomy":"post_tag","embeddable":true,"href":"https:\/\/www.ofze.hu\/w\/wp-json\/wp\/v2\/tags?post=2758"}],"curies":[{"name":"wp","href":"https:\/\/api.w.org\/{rel}","templated":true}]}}