{"id":2846,"date":"2017-08-24T15:13:18","date_gmt":"2017-08-24T13:13:18","guid":{"rendered":"http:\/\/www.ofze.hu\/w\/?p=2846"},"modified":"2024-10-23T16:19:59","modified_gmt":"2024-10-23T14:19:59","slug":"ujabb-valtas-augusztus-vegetol-debreczeni-mark-a-karnagyunk","status":"publish","type":"post","link":"https:\/\/www.ofze.hu\/w\/2017\/08\/24\/ujabb-valtas-augusztus-vegetol-debreczeni-mark-a-karnagyunk\/","title":{"rendered":"\u00dajabb v\u00e1lt\u00e1s: augusztus v\u00e9g\u00e9t\u0151l Debreczeni M\u00e1rk a karnagyunk"},"content":{"rendered":"<div id=\"attachment_2848\" style=\"width: 510px\" class=\"wp-caption aligncenter\"><img loading=\"lazy\" decoding=\"async\" aria-describedby=\"caption-attachment-2848\" class=\"wp-image-2848 size-full\" src=\"http:\/\/www.ofze.hu\/w\/wp-content\/uploads\/2017\/08\/170817_debreczeni_mark_karnagy.jpg\" alt=\"\" width=\"500\" height=\"322\" srcset=\"https:\/\/www.ofze.hu\/w\/wp-content\/uploads\/2017\/08\/170817_debreczeni_mark_karnagy.jpg 500w, https:\/\/www.ofze.hu\/w\/wp-content\/uploads\/2017\/08\/170817_debreczeni_mark_karnagy-300x193.jpg 300w\" sizes=\"(max-width: 500px) 100vw, 500px\" \/><p id=\"caption-attachment-2848\" class=\"wp-caption-text\">Az \u00faj karnagy, Debreczeni M\u00e1rk m\u00e1r megkezdte a munk\u00e1t a zenekar \u00e9l\u00e9n<br \/> (Fot\u00f3: Rajki Judit)<\/p><\/div>\n<p><strong>K\u0151szegi-N\u00e9meth J\u00f3zsef elk\u00f6lt\u00f6zik Orosh\u00e1z\u00e1r\u00f3l, \u00edgy \u00e1tadja a karnagyi p\u00e1lc\u00e1t. Ut\u00f3da, egy fiatal m\u0171v\u00e9szember a szomsz\u00e9d v\u00e1rosb\u00f3l, Csorv\u00e1sr\u00f3l \u00e9rkezett.<\/strong><!--more--><\/p>\n<p><a href=\"http:\/\/www.ofze.hu\/w\/2016\/11\/14\/ujabb-valtas-koszegi-nemeth-jozsef-a-zenekar-karnagya\/\" target=\"_blank\" rel=\"noopener\">Tavaly szeptemberben a zenekar \u00e9s a karnagy is hosszabb id\u0151re tervezett<\/a>, de \u00edgy alakult. A v\u00e1lt\u00e1s oka pr\u00f3zai: K\u0151szegi-N\u00e9meth J\u00f3zsef csal\u00e1dj\u00e1val az osztr\u00e1k hat\u00e1rhoz k\u00f6zeli Beled v\u00e1ros\u00e1ba k\u00f6lt\u00f6zik, \u00edgy nem tudja tov\u00e1bb v\u00e1llalni a zenekar vezet\u00e9s\u00e9t.<\/p>\n<p>\u2013 Neh\u00e9z sz\u00edvvel vett\u00fck tudom\u00e1sul K\u0151szegi-N\u00e9meth J\u00f3zsef bejelent\u00e9s\u00e9t, hiszen egy kiv\u00e1l\u00f3 embert \u00e9s kiv\u00e1l\u00f3 karnagyot ismert\u00fcnk meg szem\u00e9ly\u00e9ben, aki komoly szakmai munk\u00e1t v\u00e9gzett a zenekar \u00e9s a k\u00f6z\u00f6ns\u00e9g megel\u00e9ged\u00e9s\u00e9re. Mag\u00e1n\u00e9let\u00e9ben \u00e9s szakmai p\u00e1ly\u00e1j\u00e1n tov\u00e1bbi sok sikert k\u00edv\u00e1nunk neki, \u00e9s ha fel\u00e9nk j\u00e1r, mindig visszav\u00e1rjuk \u2013 fogalmazott Kov\u00e1cs Imre.<\/p>\n<p>Az Orosh\u00e1zi F\u00fav\u00f3szenekari Egyes\u00fclet eln\u00f6ke az augusztus 16-ai pr\u00f3b\u00e1n jelentette be a zenekarnak a v\u00e1ltoz\u00e1st, \u00e9s egyben be is mutatta az \u00faj karnagyot.<\/p>\n<div id=\"attachment_2849\" style=\"width: 510px\" class=\"wp-caption aligncenter\"><img loading=\"lazy\" decoding=\"async\" aria-describedby=\"caption-attachment-2849\" class=\"wp-image-2849 size-full\" src=\"http:\/\/www.ofze.hu\/w\/wp-content\/uploads\/2017\/08\/170817_debreczeni_mark_karnagy_bemutatasa.jpg\" alt=\"\" width=\"500\" height=\"333\" srcset=\"https:\/\/www.ofze.hu\/w\/wp-content\/uploads\/2017\/08\/170817_debreczeni_mark_karnagy_bemutatasa.jpg 500w, https:\/\/www.ofze.hu\/w\/wp-content\/uploads\/2017\/08\/170817_debreczeni_mark_karnagy_bemutatasa-300x200.jpg 300w\" sizes=\"(max-width: 500px) 100vw, 500px\" \/><p id=\"caption-attachment-2849\" class=\"wp-caption-text\">A bejelent\u00e9s pillanata: Kov\u00e1cs Imre egyes\u00fcleti eln\u00f6k (b) K\u0151szegi-N\u00e9meth J\u00f3zsef (k) lek\u00f6sz\u00f6n\u0151 karnagy \u00e9s ut\u00f3da, Debreczeni M\u00e1rk<br \/> (Fot\u00f3: Rajki Judit)<\/p><\/div>\n<p>\u2013 Sz\u0171k k\u00e9t h\u00e9t alatt megtal\u00e1ltuk az \u00faj szakmai vezet\u0151t, \u00edgy augusztus 23-\u00e1t\u00f3l a csorv\u00e1si k\u00fcrtm\u0171v\u00e9szt \u00e9s karmestert, Debreczeni M\u00e1rkot b\u00edztuk meg egy \u00e9vre a zenekar vezet\u00e9s\u00e9vel. Szem\u00e9ly\u00e9ben egy fiatal, k\u00e9pzett \u00e9s nagy amb\u00edci\u00f3val rendelkez\u0151 karmester \u00e9rkezett hozz\u00e1nk. M\u00e1rk azonnal beleveti mag\u00e1t a munk\u00e1ba, hiszen szeptemberben m\u00e1r a Tolna megyei testv\u00e9r telep\u00fcl\u00e9sre, Zomb\u00e1ra hivatalos a zenekar, majd egy h\u00e9ttel k\u00e9s\u0151bb a g\u00e1dorosi falunapon kell helyt \u00e1llniuk \u2013 mondta Kov\u00e1cs Imre.<\/p>\n<h2>\u201cHosszabb id\u0151re terveztem, egy \u00e9v lett bel\u0151le\u201d<\/h2>\n<p>Sok eml\u00e9kezetes pr\u00f3b\u00e1t, fell\u00e9p\u00e9st \u00e9s utaz\u00e1st k\u00f6sz\u00f6nhet\u00fcnk a most elk\u00f6sz\u00f6n\u0151 K\u0151szegi-N\u00e9meth J\u00f3zsefnek, akinek <a href=\"https:\/\/www.facebook.com\/fuvoszenekar\/photos\/a.10150232824347091.320505.91649477090\/10154782537047091\/?type=3&amp;theater\" target=\"_blank\" rel=\"noopener\">az augusztus 19-ei koszor\u00faz\u00e1s volt az utols\u00f3 hivatalos fell\u00e9p\u00e9se az \u00e9l\u00fcnk\u00f6n<\/a>.<br \/>\n\u2013 Nagyon k\u00f6sz\u00f6n\u00f6m a zenekar minden tagj\u00e1nak azt a fantasztikus hozz\u00e1\u00e1ll\u00e1st, amivel az elm\u00falt egy \u00e9vben rendre minden fell\u00e9p\u00e9s\u00fcnket sikerre vitt\u00fcnk, le a kalappal minden egyes tag el\u0151tt. Hosszabb id\u0151re terveztem, egy \u00e9v lett bel\u0151le, a k\u00f6lt\u00f6z\u00e9s miatt sajnos \u00e1t kell adnom a p\u00e1lc\u00e1t.<\/p>\n<h3><span style=\"color: #0000ff;\">Most viszont egy fiatal koll\u00e9g\u00e1t aj\u00e1nlok az orosh\u00e1zi zeneszeret\u0151 k\u00f6z\u00f6ns\u00e9gnek: nagyon \u00f6r\u00fcl\u00f6k, hogy Debreczeni M\u00e1rk szem\u00e9ly\u00e9ben egy felk\u00e9sz\u00fclt \u00e9s ambici\u00f3zus szakember ker\u00fcl a zenekar \u00e9l\u00e9re. <\/span><\/h3>\n<p>Szem\u00e9lye rem\u00e9nyt ad arra, hogy az Orosh\u00e1zi F\u00fav\u00f3szenekar tov\u00e1bb \u00e9p\u00edti a k\u00f6zel egy \u00e9vsz\u00e1zados hagyom\u00e1nyait, \u00e9s hiszem, hogy az \u0151 vezet\u00e9s\u00e9vel tov\u00e1bbra is sz\u00ednvonalas produkci\u00f3kkal tudnak a k\u00f6z\u00f6ns\u00e9g el\u00e9 l\u00e9pni. Sok sikert k\u00edv\u00e1nok az \u00faj karmesternek \u00e9s a zenekarnak egyar\u00e1nt! \u2013 z\u00e1rta gondolatait K\u0151szegi-N\u00e9meth J\u00f3zsef.<\/p>\n<h2>Zen\u00e9sz csal\u00e1db\u00f3l \u00e9rkezett az \u00faj karmester<\/h2>\n<p>Debreczeni M\u00e1rk 1991-ben sz\u00fcletett, \u00e9s m\u00e1r kisgyermek kor\u00e1ban megfert\u0151zte a zene, azon bel\u00fcl is a f\u00fav\u00f3szene, hiszen \u00e9desapja a csorv\u00e1si m\u0171v\u00e9szeti iskola igazgat\u00f3ja, tan\u00e1ra, \u00e9s az ottani f\u00fav\u00f3szenekar karmestere. M\u00e1rk el\u0151bb zongor\u00e1zni, majd trombit\u00e1lni tanult, a zenem\u0171v\u00e9szeti k\u00f6z\u00e9piskol\u00e1t viszont m\u00e1r k\u00fcrt szakon kezdte, v\u00e9g\u00fcl 2015-ben diplom\u00e1zott a Debreceni Egyetem Zenem\u0171v\u00e9szeti Kar\u00e1n k\u00fcrt- \u00e9s karnagy szakon. Jelenleg r\u00e9zf\u00fav\u00f3s tan\u00e1r a Csorv\u00e1si Guly\u00e1s Mih\u00e1ly \u00c1ltal\u00e1nos \u00e9s Alapfok\u00fa M\u0171v\u00e9szeti Iskol\u00e1ban, \u00e9s most m\u00e1r az Orosh\u00e1zi F\u00fav\u00f3szenekar karnagya is.<\/p>\n<div id=\"attachment_2853\" style=\"width: 510px\" class=\"wp-caption aligncenter\"><img loading=\"lazy\" decoding=\"async\" aria-describedby=\"caption-attachment-2853\" class=\"size-full wp-image-2853\" src=\"http:\/\/www.ofze.hu\/w\/wp-content\/uploads\/2017\/08\/170823_debreczeni_mark_karnagy_proba.jpg\" alt=\"\" width=\"500\" height=\"327\" srcset=\"https:\/\/www.ofze.hu\/w\/wp-content\/uploads\/2017\/08\/170823_debreczeni_mark_karnagy_proba.jpg 500w, https:\/\/www.ofze.hu\/w\/wp-content\/uploads\/2017\/08\/170823_debreczeni_mark_karnagy_proba-300x196.jpg 300w\" sizes=\"(max-width: 500px) 100vw, 500px\" \/><p id=\"caption-attachment-2853\" class=\"wp-caption-text\">Augusztus 23-\u00e1n megvolt az els\u0151 pr\u00f3ba is az \u00faj karnaggyal<br \/>(Fot\u00f3: Melega Kriszti\u00e1n)<\/p><\/div>\n<p>\u2013 Izgatottan v\u00e1rom a munk\u00e1t. Egy ilyen nagy m\u00falt\u00fa zenekart vezetni, mint az orosh\u00e1zi nagy felel\u0151ss\u00e9g \u00e9s kih\u00edv\u00e1s is egyben. Fontos, hogy a hagyom\u00e1nyokat megtartsuk \u00e9s az eddig kialakult kapcsolatokat folyamatosan \u00e1poljuk.<\/p>\n<h3><span style=\"color: #0000ff;\"> Azonban hiszem, hogy a zenekarnak sz\u00fcks\u00e9ge lesz \u00fajabb kih\u00edv\u00e1sokra, \u00fajabb fell\u00e9p\u00e9sekre, amivel m\u00e9g jobbak lehet\u00fcnk \u00e9s tov\u00e1bb \u00f6regb\u00edthetj\u00fck h\u00edrnev\u00fcnket. <\/span><\/h3>\n<p>Ezen fogok dolgozni \u00e9s k\u00f6sz\u00f6n\u00f6m a bizalmat \u2013 mondta honlapunknak az \u00faj szakmai vezet\u0151.<\/p>\n","protected":false},"excerpt":{"rendered":"<p>K\u0151szegi-N\u00e9meth J\u00f3zsef elk\u00f6lt\u00f6zik Orosh\u00e1z\u00e1r\u00f3l, \u00edgy \u00e1tadja a karnagyi p\u00e1lc\u00e1t. Ut\u00f3da, egy fiatal m\u0171v\u00e9szember a szomsz\u00e9d v\u00e1rosb\u00f3l, Csorv\u00e1sr\u00f3l \u00e9rkezett.<\/p>\n","protected":false},"author":2,"featured_media":2848,"comment_status":"closed","ping_status":"closed","sticky":false,"template":"","format":"standard","meta":{"ngg_post_thumbnail":0,"footnotes":""},"categories":[5],"tags":[104,86,100,99],"_links":{"self":[{"href":"https:\/\/www.ofze.hu\/w\/wp-json\/wp\/v2\/posts\/2846"}],"collection":[{"href":"https:\/\/www.ofze.hu\/w\/wp-json\/wp\/v2\/posts"}],"about":[{"href":"https:\/\/www.ofze.hu\/w\/wp-json\/wp\/v2\/types\/post"}],"author":[{"embeddable":true,"href":"https:\/\/www.ofze.hu\/w\/wp-json\/wp\/v2\/users\/2"}],"replies":[{"embeddable":true,"href":"https:\/\/www.ofze.hu\/w\/wp-json\/wp\/v2\/comments?post=2846"}],"version-history":[{"count":7,"href":"https:\/\/www.ofze.hu\/w\/wp-json\/wp\/v2\/posts\/2846\/revisions"}],"predecessor-version":[{"id":2856,"href":"https:\/\/www.ofze.hu\/w\/wp-json\/wp\/v2\/posts\/2846\/revisions\/2856"}],"wp:featuredmedia":[{"embeddable":true,"href":"https:\/\/www.ofze.hu\/w\/wp-json\/wp\/v2\/media\/2848"}],"wp:attachment":[{"href":"https:\/\/www.ofze.hu\/w\/wp-json\/wp\/v2\/media?parent=2846"}],"wp:term":[{"taxonomy":"category","embeddable":true,"href":"https:\/\/www.ofze.hu\/w\/wp-json\/wp\/v2\/categories?post=2846"},{"taxonomy":"post_tag","embeddable":true,"href":"https:\/\/www.ofze.hu\/w\/wp-json\/wp\/v2\/tags?post=2846"}],"curies":[{"name":"wp","href":"https:\/\/api.w.org\/{rel}","templated":true}]}}