{"id":2880,"date":"2018-11-14T22:23:05","date_gmt":"2018-11-14T21:23:05","guid":{"rendered":"http:\/\/www.ofze.hu\/w\/?p=2880"},"modified":"2024-10-23T16:19:59","modified_gmt":"2024-10-23T14:19:59","slug":"a-fuvosok-viszik-tovabb-a-nepszeru-batyus-balat","status":"publish","type":"post","link":"https:\/\/www.ofze.hu\/w\/2018\/11\/14\/a-fuvosok-viszik-tovabb-a-nepszeru-batyus-balat\/","title":{"rendered":"A f\u00fav\u00f3sok viszik tov\u00e1bb a n\u00e9pszer\u0171 Batyus B\u00e1lat"},"content":{"rendered":"<p><strong>\u00dajra meg lehet t\u00f6lteni a kosarakat elem\u00f3zsi\u00e1val \u00e9s italokkal, hiszen 2019. janu\u00e1r 19-\u00e9n ism\u00e9t lesz Batyus B\u00e1l &#8211; az eddig megszokott kiv\u00e1l\u00f3 hangulatban \u00e9s bar\u00e1ti l\u00e9gk\u00f6rben.<\/strong><\/p>\n<div id=\"attachment_2883\" style=\"width: 510px\" class=\"wp-caption aligncenter\"><img loading=\"lazy\" decoding=\"async\" aria-describedby=\"caption-attachment-2883\" class=\"size-full wp-image-2883\" src=\"http:\/\/www.ofze.hu\/w\/wp-content\/uploads\/2018\/11\/180120_batyus_bal_tanc.jpg\" alt=\"\" width=\"500\" height=\"334\" srcset=\"https:\/\/www.ofze.hu\/w\/wp-content\/uploads\/2018\/11\/180120_batyus_bal_tanc.jpg 500w, https:\/\/www.ofze.hu\/w\/wp-content\/uploads\/2018\/11\/180120_batyus_bal_tanc-300x200.jpg 300w\" sizes=\"(max-width: 500px) 100vw, 500px\" \/><p id=\"caption-attachment-2883\" class=\"wp-caption-text\">Fot\u00f3: Kecskem\u00e9ti Krisztina<\/p><\/div>\n<p><!--more--><\/p>\n<p>B\u00e1r 2018. janu\u00e1rj\u00e1ban a N\u00e9met Nemzetis\u00e9gi \u00d6nkorm\u00e1nyzat (NN\u00d6) vezet\u0151i bejelentett\u00e9k hogy v\u00e9ge, m\u00e9gsem sz\u0171nik meg a v\u00e1ros legr\u00e9gebbi b\u00e1lja. Az Orosh\u00e1zi F\u00fav\u00f3szenekari Egyes\u00fclet eln\u00f6ks\u00e9ge ugyanis \u00fagy d\u00f6nt\u00f6tt, \u00e1tveszi a Batyus B\u00e1l szervez\u00e9s\u00e9t, megmentve ezzel az imm\u00e1r 19 \u00e9ves rendezv\u00e9nyt.<br \/>\n\u2013 M\u00e1r a tavalyi bejelent\u00e9skor elhat\u00e1roztuk, ha lehet\u0151s\u00e9g ad\u00f3dik r\u00e1, \u00e1tvessz\u00fck a b\u00e1l szervez\u00e9s\u00e9t. Az NN\u00d6 vezet\u0151i r\u00e1b\u00f3lintottak a tervre, \u00edgy folytat\u00f3dik a b\u00e1li mulats\u00e1g. A batyus b\u00e1lnak megvan a maga var\u00e1zsa, rengeteg bar\u00e1ti t\u00e1rsas\u00e1g j\u00e1rt eddig is az esem\u00e9nyre, \u00e9s rem\u00e9lj\u00fck, ez \u00edgy marad a j\u00f6v\u0151ben is \u2013 mes\u00e9li az el\u0151zm\u00e9nyeket Kov\u00e1cs Imre, az Orosh\u00e1zi F\u00fav\u00f3szenekari Egyes\u00fclet eln\u00f6ke.<\/p>\n<p>Az NN\u00d6 vezet\u0151i \u00f6r\u00f6mmel adj\u00e1k \u00e1t a staf\u00e9t\u00e1t a f\u00fav\u00f3soknak, akikkel kiv\u00e1l\u00f3 a kapcsolatuk, hiszen az elm\u00falt \u00e9vekben rendszeres fell\u00e9p\u0151i voltak az esem\u00e9nynek.<br \/>\n\u2013 Be kellett l\u00e1tnunk, hogy k\u00f6zel a 70. \u00e9let\u00e9vhez m\u00e1r nem egyszer\u0171 egy ekkora volumen\u0171 rendezv\u00e9nyt megszervezni. Nagyon boldogok vagyunk, hogy j\u00f6tt egy fiatal \u00e9s lelkes csapat, akik tov\u00e1bbviszik a b\u00e1l hagyom\u00e1ny\u00e1t. Minden eddig \u00f6sszegy\u0171jt\u00f6tt tapasztalatunkat \u00e1tadjuk a zen\u00e9szeknek, hogy sikeres legyen a folytat\u00e1s \u2013 mondja dr. Abonyi Lajos, az NN\u00d6 els\u0151 eln\u00f6ke.<\/p>\n<h2>A 19. Batyus B\u00e1l 2019. janu\u00e1r 19-\u00e9n, szombaton 19 \u00f3rakor kezd\u0151dik, a helysz\u00edn a T\u00e1ncsics Mih\u00e1ly gimn\u00e1zium sportcsarnoka.<\/h2>\n<p>A szervez\u0151k biztos\u00edtj\u00e1k az asztalokat, sz\u00e9keket, a betev\u0151r\u0151l \u00e9s az innival\u00f3r\u00f3l a vend\u00e9gek gondoskodnak, azaz mindenki azt eszik \u00e9s iszik, amit mag\u00e1val hoz. A m\u0171sorban fell\u00e9p az orosh\u00e1zi Harangos N\u00e9pt\u00e1ncegy\u00fcttes \u00e9s az Orosh\u00e1zi F\u00fav\u00f3szenekar, a b\u00e1li zen\u00e9t \u2013 ahogy az elm\u00falt \u00e9vekben mindig \u2013 most is a moh\u00e1csi Karawanka egy\u00fcttes szolg\u00e1ltatja.<\/p>\n<blockquote><p><strong>Jegyek \u00e9s asztalfoglal\u00e1s el\u0151v\u00e9telben: Podmaniczkin\u00e9 Szegi Katalin (+36 20 380 8806) Forj\u00e1n Orsolya (+36 20 318 8823) Fl\u00f3ra Vir\u00e1g\u00fczlet (Orosh\u00e1za, Th\u00f6k\u00f6ly utca 4.)<\/strong><\/p><\/blockquote>\n","protected":false},"excerpt":{"rendered":"<p>\u00dajra meg lehet t\u00f6lteni a kosarakat elem\u00f3zsi\u00e1val \u00e9s italokkal, hiszen 2019. janu\u00e1r 19-\u00e9n ism\u00e9t lesz Batyus B\u00e1l &#8211; az eddig megszokott kiv\u00e1l\u00f3 hangulatban \u00e9s bar\u00e1ti l\u00e9gk\u00f6rben.<\/p>\n","protected":false},"author":2,"featured_media":0,"comment_status":"closed","ping_status":"closed","sticky":false,"template":"","format":"standard","meta":{"ngg_post_thumbnail":0,"footnotes":""},"categories":[5],"tags":[107,105,35,106],"_links":{"self":[{"href":"https:\/\/www.ofze.hu\/w\/wp-json\/wp\/v2\/posts\/2880"}],"collection":[{"href":"https:\/\/www.ofze.hu\/w\/wp-json\/wp\/v2\/posts"}],"about":[{"href":"https:\/\/www.ofze.hu\/w\/wp-json\/wp\/v2\/types\/post"}],"author":[{"embeddable":true,"href":"https:\/\/www.ofze.hu\/w\/wp-json\/wp\/v2\/users\/2"}],"replies":[{"embeddable":true,"href":"https:\/\/www.ofze.hu\/w\/wp-json\/wp\/v2\/comments?post=2880"}],"version-history":[{"count":5,"href":"https:\/\/www.ofze.hu\/w\/wp-json\/wp\/v2\/posts\/2880\/revisions"}],"predecessor-version":[{"id":2891,"href":"https:\/\/www.ofze.hu\/w\/wp-json\/wp\/v2\/posts\/2880\/revisions\/2891"}],"wp:attachment":[{"href":"https:\/\/www.ofze.hu\/w\/wp-json\/wp\/v2\/media?parent=2880"}],"wp:term":[{"taxonomy":"category","embeddable":true,"href":"https:\/\/www.ofze.hu\/w\/wp-json\/wp\/v2\/categories?post=2880"},{"taxonomy":"post_tag","embeddable":true,"href":"https:\/\/www.ofze.hu\/w\/wp-json\/wp\/v2\/tags?post=2880"}],"curies":[{"name":"wp","href":"https:\/\/api.w.org\/{rel}","templated":true}]}}