{"id":2918,"date":"2019-01-23T22:25:52","date_gmt":"2019-01-23T21:25:52","guid":{"rendered":"http:\/\/www.ofze.hu\/w\/?p=2918"},"modified":"2024-10-23T16:20:13","modified_gmt":"2024-10-23T14:20:13","slug":"in-memoriam-kovacs-imre-1951-2019","status":"publish","type":"post","link":"https:\/\/www.ofze.hu\/w\/2019\/01\/23\/in-memoriam-kovacs-imre-1951-2019\/","title":{"rendered":"In Memoriam Kov\u00e1cs Imre (1951-2019)"},"content":{"rendered":"<p><strong>Az Orosh\u00e1zi F\u00fav\u00f3szenekari Egyes\u00fclet elhunyt eln\u00f6k\u00e9re eml\u00e9kez\u00fcnk&#8230;<\/strong><\/p>\n<p><img loading=\"lazy\" decoding=\"async\" class=\"aligncenter size-full wp-image-2927\" src=\"http:\/\/www.ofze.hu\/w\/wp-content\/uploads\/2019\/01\/190118_kovacs_imre_elnok_ff.jpg\" alt=\"\" width=\"500\" height=\"353\" srcset=\"https:\/\/www.ofze.hu\/w\/wp-content\/uploads\/2019\/01\/190118_kovacs_imre_elnok_ff.jpg 500w, https:\/\/www.ofze.hu\/w\/wp-content\/uploads\/2019\/01\/190118_kovacs_imre_elnok_ff-300x212.jpg 300w\" sizes=\"(max-width: 500px) 100vw, 500px\" \/><\/p>\n<p><!--more--><\/p>\n<p>Ide most egy j\u00f3pofa sztorit kellene \u00edrnom r\u00f3lad, de nem megy. Nem az\u00e9rt, mert nincs, hanem mert olyan sok volt, hogy nem is tudom, melyiket g\u00e9peljem le. Meg az\u00e9rt sem, mert azt, amit tett\u00e9l az elm\u00falt \u00e9vtizedekben, egy sztorival nem lehet elint\u00e9zni. Te sokkal t\u00f6bb volt\u00e1l ann\u00e1l, hogy p\u00e1r sor nekrol\u00f3g el\u00e9g legyen mindarra, amit v\u00e9ghez vitt\u00e9l f\u00e9rjk\u00e9nt, apak\u00e9nt \u00e9s k\u00f6z\u00f6ss\u00e9gi emberk\u00e9nt. Civil volt\u00e1l a sz\u00f3 legnemesebb \u00e9rtelm\u00e9ben, hiszen az Orosh\u00e1zi F\u00fav\u00f3szenekari Egyes\u00fclet vezet\u00e9se mellett akt\u00edv tagja volt\u00e1l az Orosh\u00e1zi Kolb\u00e1szklubnak \u00e9s m\u00e9g sz\u00e1mos j\u00f3t\u00e9konys\u00e1gi \u00e9s k\u00f6z\u00f6ss\u00e9gi esem\u00e9ny szervez\u00e9s\u00e9b\u0151l vetted ki a r\u00e9szed.<\/p>\n<div id=\"attachment_1713\" style=\"width: 510px\" class=\"wp-caption aligncenter\"><img loading=\"lazy\" decoding=\"async\" aria-describedby=\"caption-attachment-1713\" class=\"wp-image-1713 size-full\" src=\"http:\/\/www.ofze.hu\/w\/wp-content\/uploads\/2010\/11\/101029_kolbaszfesztival_ofze_.jpg\" alt=\"\" width=\"500\" height=\"335\" srcset=\"https:\/\/www.ofze.hu\/w\/wp-content\/uploads\/2010\/11\/101029_kolbaszfesztival_ofze_.jpg 500w, https:\/\/www.ofze.hu\/w\/wp-content\/uploads\/2010\/11\/101029_kolbaszfesztival_ofze_-300x201.jpg 300w\" sizes=\"(max-width: 500px) 100vw, 500px\" \/><p id=\"caption-attachment-1713\" class=\"wp-caption-text\">Mindig volt egy mosolyod fel\u00e9nk, vagy egy m\u00f3k\u00e1s pillanatod vel\u00fcnk<\/p><\/div>\n<p>Mint \u00edrtam, sok sztorim van veled\/r\u00f3lad, de az m\u00e1r a m\u00falt hom\u00e1ly\u00e1ba v\u00e9sz, hogyan ismertelek meg. Az biztos, hogy az Orosh\u00e1zi F\u00fav\u00f3szenekarhoz k\u00f6thet\u0151, ahol akkoriban \u00e9n mint fiatal zen\u00e9sz, te pedig mint seg\u00edt\u0151k\u00e9sz sz\u00fcl\u0151 tev\u00e9kenykedt\u00e9l szabadid\u0151dben. Azt\u00e1n ott ragadt\u00e1l k\u00f6zt\u00fcnk, \u00e9s ahogy teltek az \u00e9vek, egyre t\u00f6bb mindenben seg\u00edtett\u00e9l. \u00c9vekig volt\u00e1l az egyes\u00fclet eln\u00f6ks\u00e9gi tagja, azt\u00e1n 2012-ben vett\u00e9l egy nagy leveg\u0151t \u00e9s azt mondtad, v\u00e1llalod az eln\u00f6ks\u00e9get. Nem volt egyszer\u0171 d\u00f6nt\u00e9s, hiszen a zenekar \u00e9ppen egy korszakv\u00e1lt\u00e1son ment kereszt\u00fcl, annak minden neh\u00e9zs\u00e9g\u00e9vel \u00e9s buktat\u00f3j\u00e1val egy\u00fctt.<\/p>\n<blockquote><p><strong>De te \u00e1lltad a sarat, \u00e9s t\u00f6retlen hittel vitted a napi \u00fcgyeket, n\u00e9ha m\u00e9g a lehetetlennek t\u0171n\u0151 helyzetekre is tal\u00e1lt\u00e1l megold\u00e1st. Hogy m\u00e1st ne mondjak: m\u00e1sf\u00e9l \u00e9v alatt h\u00e1rom karnagyot is siker\u00fclt szerz\u0151dtetned a zenekar \u00e9l\u00e9re&#8230;<\/strong><\/p><\/blockquote>\n<p>Az elm\u00falt \u00e9vekben sokszor mondtuk neked, hogy pihenj, de te nem \u00e1llt\u00e1l meg akkor sem, amikor m\u00e1s m\u00e1r r\u00e9gen feladta volna. T\u00e9ged nem ilyen f\u00e1b\u00f3l faragtak, ha valamit eltervezt\u00e9l, azt t\u0171z\u00f6n v\u00edzen \u00e1t meg is val\u00f3s\u00edtottad. \u00cdgy volt ez a <a href=\"http:\/\/www.ofze.hu\/w\/2018\/11\/14\/a-fuvosok-viszik-tovabb-a-nepszeru-batyus-balat\/\">Batyus B\u00e1llal is<\/a>, aminek 18 \u00e9ven \u00e1t akt\u00edv szervez\u0151je volt\u00e1l, \u00e9s miut\u00e1n tavaly \u00e9v elej\u00e9n a N\u00e9met Nemzetis\u00e9gi \u00d6nkorm\u00e1nyzat vezet\u0151i bejelentett\u00e9k hogy v\u00e9ge, te volt\u00e1l az els\u0151, aki azt mondtad nek\u00fcnk: v\u00e1gjunk bele \u00e9s vigy\u00fck tov\u00e1bb mi f\u00fav\u00f3sok. \u00dagy gondoltad, a f\u00fav\u00f3szenekari egyes\u00fclet t\u00e1mogat\u00e1s\u00e1val ez a hagyom\u00e1ny tov\u00e1bb \u00e9lhet, \u00e9s \u00faj lend\u00fcletet adhatunk a b\u00e1lnak.<\/p>\n<p>Szent\u00fcl hitted, hogy meggy\u00f3gyulsz, hiszen k\u00e9tszer m\u00e1r legy\u0151zted a gyilkos k\u00f3rt, mi\u00e9rt ne ment volna harmadj\u00e1ra is? Egy h\u00f3nappal a b\u00e1l el\u0151tt m\u00e9g szorgosan jegyzeteltem a beteg\u00e1gyad mellett: honnan hozzuk a sz\u00e9keket, mi legyen az \u00fcltet\u00e9si rend, mire figyelj\u00fcnk a vend\u00e9gek fogad\u00e1s\u00e1n\u00e1l, \u00e9s \u00edgy tov\u00e1bb. Am\u00edg er\u0151d engedte, szervezted \u00e9s fel\u00fcgyelted, hogy minden j\u00f3l menjen. Azt\u00e1n a sors \u00fagy hozta, hogy az \u00e9giek 1 nappal a b\u00e1l el\u0151tt elsz\u00f3l\u00edtottak t\u0151l\u00fcnk. \u00c1m ez\u00faton is jelentem: a b\u00e1l sikeres volt. Igazad volt. Ebben is\u2026<\/p>\n<p>Dr\u00e1ga Imre! K\u00f6sz\u00f6nj\u00fck mindazt, amit \u00e9rt\u00fcnk, f\u00fav\u00f3sok\u00e9rt tett\u00e9l, \u00f6nzetlen\u00fcl, id\u0151t, energi\u00e1t \u00e9s anyagiakat nem sajn\u00e1lva.<\/p>\n<h3><span style=\"color: #3366ff;\">Neked k\u00f6sz\u00f6nhet\u0151en a zenekarnak van jelene \u00e9s j\u00f6v\u0151je, \u00e9s mi \u00edg\u00e9rj\u00fck, mindent megtesz\u00fcnk az\u00e9rt, hogy tov\u00e1bbra is fejl\u0151dj\u00fcnk, gyarapodjunk. <\/span><\/h3>\n<p>Tudjuk, hogy odafentr\u0151l figyelsz minket, \u00e9s ha valamit elrontunk, a magad hat\u00e1rozott, \u0151szinte de m\u00e9gis igazs\u00e1gos mondand\u00f3j\u00e1val j\u00f3 \u00fatra terelsz minket.<\/p>\n<p>Ahogy mi, f\u00fav\u00f3sok mondjuk, amikor valami nagy feladat el\u0151tt \u00e1llunk: Egy banda! Egy hang! \u00c9s most nagy feladat \u00e1ll el\u0151tt\u00fcnk, hiszen n\u00e9lk\u00fcled kell tov\u00e1bb menn\u00fcnk az \u00e1ltalad kik\u00f6vezett \u00faton\u2026<\/p>\n<p>Nyugodj b\u00e9k\u00e9ben Imre!<\/p>\n<p style=\"text-align: right;\">Melega Kriszti\u00e1n<br \/>\nzenekari titk\u00e1r<\/p>\n<blockquote><p><strong>Kov\u00e1cs Imre temet\u00e9se 2019. janu\u00e1r 26-\u00e1n, szombaton 11 \u00f3rakor lesz Orosh\u00e1z\u00e1n az Alv\u00e9gi temet\u0151ben. A csal\u00e1d k\u00e9r\u00e9s\u00e9re s\u00edrj\u00e1ra egy sz\u00e1l vir\u00e1got hozzon mindenki.<\/strong><\/p><\/blockquote>\n","protected":false},"excerpt":{"rendered":"<p>Az Orosh\u00e1zi F\u00fav\u00f3szenekari Egyes\u00fclet elhunyt eln\u00f6k\u00e9re eml\u00e9kez\u00fcnk&#8230;<\/p>\n","protected":false},"author":2,"featured_media":2927,"comment_status":"closed","ping_status":"closed","sticky":false,"template":"","format":"standard","meta":{"ngg_post_thumbnail":0,"footnotes":""},"categories":[5],"tags":[99,108],"_links":{"self":[{"href":"https:\/\/www.ofze.hu\/w\/wp-json\/wp\/v2\/posts\/2918"}],"collection":[{"href":"https:\/\/www.ofze.hu\/w\/wp-json\/wp\/v2\/posts"}],"about":[{"href":"https:\/\/www.ofze.hu\/w\/wp-json\/wp\/v2\/types\/post"}],"author":[{"embeddable":true,"href":"https:\/\/www.ofze.hu\/w\/wp-json\/wp\/v2\/users\/2"}],"replies":[{"embeddable":true,"href":"https:\/\/www.ofze.hu\/w\/wp-json\/wp\/v2\/comments?post=2918"}],"version-history":[{"count":8,"href":"https:\/\/www.ofze.hu\/w\/wp-json\/wp\/v2\/posts\/2918\/revisions"}],"predecessor-version":[{"id":3000,"href":"https:\/\/www.ofze.hu\/w\/wp-json\/wp\/v2\/posts\/2918\/revisions\/3000"}],"wp:featuredmedia":[{"embeddable":true,"href":"https:\/\/www.ofze.hu\/w\/wp-json\/wp\/v2\/media\/2927"}],"wp:attachment":[{"href":"https:\/\/www.ofze.hu\/w\/wp-json\/wp\/v2\/media?parent=2918"}],"wp:term":[{"taxonomy":"category","embeddable":true,"href":"https:\/\/www.ofze.hu\/w\/wp-json\/wp\/v2\/categories?post=2918"},{"taxonomy":"post_tag","embeddable":true,"href":"https:\/\/www.ofze.hu\/w\/wp-json\/wp\/v2\/tags?post=2918"}],"curies":[{"name":"wp","href":"https:\/\/api.w.org\/{rel}","templated":true}]}}