{"id":2930,"date":"2019-04-05T14:51:01","date_gmt":"2019-04-05T12:51:01","guid":{"rendered":"http:\/\/www.ofze.hu\/w\/?p=2930"},"modified":"2024-10-23T16:20:13","modified_gmt":"2024-10-23T14:20:13","slug":"in-memoriam-hajdu-hanna-1961-2019","status":"publish","type":"post","link":"https:\/\/www.ofze.hu\/w\/2019\/04\/05\/in-memoriam-hajdu-hanna-1961-2019\/","title":{"rendered":"In Memoriam Hajdu Hanna (1961-2019)"},"content":{"rendered":"<p><strong>Az Orosh\u00e1zi F\u00fav\u00f3szenekari Egyes\u00fclet elhunyt, egykori eln\u00f6k\u00e9re eml\u00e9kez\u00fcnk.<\/strong><\/p>\n<p><img loading=\"lazy\" decoding=\"async\" class=\"aligncenter size-full wp-image-2931\" src=\"http:\/\/www.ofze.hu\/w\/wp-content\/uploads\/2019\/04\/190405_hajdu_hanna.jpg\" alt=\"\" width=\"500\" height=\"500\" srcset=\"https:\/\/www.ofze.hu\/w\/wp-content\/uploads\/2019\/04\/190405_hajdu_hanna.jpg 500w, https:\/\/www.ofze.hu\/w\/wp-content\/uploads\/2019\/04\/190405_hajdu_hanna-150x150.jpg 150w, https:\/\/www.ofze.hu\/w\/wp-content\/uploads\/2019\/04\/190405_hajdu_hanna-300x300.jpg 300w\" sizes=\"(max-width: 500px) 100vw, 500px\" \/><!--more--><\/p>\n<p><a href=\"http:\/\/www.ofze.hu\/w\/2019\/01\/23\/in-memoriam-kovacs-imre-1951-2019\/\" target=\"_blank\" rel=\"noopener noreferrer\">R\u00f6vid id\u0151n bel\u00fcl itt hagyott minket<\/a> m\u00e9g egy olyan ember, aki egyes\u00fcleti eln\u00f6kk\u00e9nt sokat tett az Orosh\u00e1zi F\u00fav\u00f3szenekar\u00e9rt.<\/p>\n<p>Mindig is \u0151szinte ember volt\u00e1l. Ami a sz\u00edveden, az a sz\u00e1don. Ez a sokszor h\u00e1tr\u00e1nyokkal j\u00e1r\u00f3 tulajdons\u00e1g azonban el\u0151ny is egyben: tudtuk, mir\u0151l mit gondolsz, mi a megl\u00e1t\u00e1sod, hogyan oldan\u00e1d meg a kialakult helyzeteket. Ez pedig kiv\u00e1l\u00f3 vita alapnak bizonyult.<\/p>\n<p>Sokszor er\u0151d\u00f6n fel\u00fcl, saj\u00e1t dolgaidat f\u00e9lret\u00e9ve int\u00e9zted az Orosh\u00e1zi F\u00fav\u00f3szenekari Egyes\u00fclet eln\u00f6kek\u00e9nt a zenekar \u00fcgyes bajos dolgait 2006 \u00e9s 2008 k\u00f6z\u00f6tt. De nem csak ebben a sz\u0171k k\u00e9t \u00e9vben volt\u00e1l akt\u00edv, m\u00e1r j\u00f3val kor\u00e1bban a f\u00fav\u00f3scsal\u00e1d tagjak\u00e9nt tev\u00e9kenykedt\u00e9l k\u00f6zt\u00fcnk, hiszen gyermekeid j\u00e1tszottak a zenekarban.<\/p>\n<blockquote><p><strong>K\u00eds\u00e9rt\u00e9l minket a belf\u00f6ldi \u00e9s k\u00fclf\u00f6ldi turn\u00e9kra. Ha kellett, eln\u00f6ki mivoltodban polg\u00e1rmesterekkel t\u00e1rsalogt\u00e1l, de ha arra volt sz\u00fcks\u00e9g, sz\u00fcl\u0151k\u00e9nt te is be\u00e1llt\u00e1l kenni reggelire a vajaskenyeret. Igazi k\u00f6z\u00f6ss\u00e9gi emberk\u00e9nt mindig vel\u00fcnk volt\u00e1l, ha sz\u00fcks\u00e9g\u00fcnk volt r\u00e1d.<\/strong><\/p><\/blockquote>\n<p>Pedag\u00f3gusk\u00e9nt ahhoz is remek\u00fcl \u00e9rtett\u00e9l, hogyan sim\u00edts el f\u00e9lre\u00e9rt\u00e9seket, \u00e9s mik\u00e9nt t\u00e1mogass, buzd\u00edts minket egy egy nagyobb feladat el\u0151tt. Feladat pedig volt b\u0151ven. Lengyelorsz\u00e1gi- \u00e9s hazai turn\u00e9k, na meg az orosh\u00e1zi hangversenyek el\u0151k\u00e9sz\u00fcletei. Mind sok feladattal \u00e9s munk\u00e1val j\u00e1r\u00f3 rendezv\u00e9ny, amib\u0151l te is kivetted a r\u00e9szed.<\/p>\n<p>Az elm\u00falt \u00e9vekben kevesebbet tal\u00e1lkoztunk. Gyerekeid feln\u0151ttek, elker\u00fcltek Orosh\u00e1z\u00e1r\u00f3l, \u00edgy a zenekarb\u00f3l is, neked pedig az volt a c\u00e9lod, hogy legy\u0151zd a betegs\u00e9get. Ebben is \u0151szinte volt\u00e1l, itt sem rejtetted v\u00e9ka al\u00e1, milyen harcot v\u00edvsz a r\u00e1kkal. Megl\u00e1t\u00e1saiddal, tapasztalataiddal seg\u00edtetted azokat, akiket szint\u00e9n megt\u00e1madott ez az alattomos k\u00f3r. \u00c1m amikor \u00f6sszefutottunk, t\u00f6retlen hittel \u00e9s mosollyal mondtad, meggy\u00f3gyulsz. Ezt a harcot azonban nem siker\u00fclt megnyerned, 2019. m\u00e1rcius 17-\u00e9n v\u00e9gleg megpihent\u00e9l.<\/p>\n<p>Ez\u00faton is b\u00facs\u00fazik t\u0151led az Orosh\u00e1zi F\u00fav\u00f3szenekar nagy csal\u00e1dja. Dr\u00e1ga Hanna, nyugodj b\u00e9k\u00e9ben!<\/p>\n<blockquote><p>Hajdu Hanna temet\u00e9se \u00e1prilis 6-\u00e1n, szombaton 11 \u00f3rakor lesz Orosh\u00e1z\u00e1n az Alv\u00e9gi temet\u0151ben.<\/p><\/blockquote>\n","protected":false},"excerpt":{"rendered":"<p>Az Orosh\u00e1zi F\u00fav\u00f3szenekari Egyes\u00fclet elhunyt, egykori eln\u00f6k\u00e9re eml\u00e9kez\u00fcnk.<\/p>\n","protected":false},"author":2,"featured_media":2931,"comment_status":"closed","ping_status":"closed","sticky":false,"template":"","format":"standard","meta":{"ngg_post_thumbnail":0,"footnotes":""},"categories":[5],"tags":[109],"_links":{"self":[{"href":"https:\/\/www.ofze.hu\/w\/wp-json\/wp\/v2\/posts\/2930"}],"collection":[{"href":"https:\/\/www.ofze.hu\/w\/wp-json\/wp\/v2\/posts"}],"about":[{"href":"https:\/\/www.ofze.hu\/w\/wp-json\/wp\/v2\/types\/post"}],"author":[{"embeddable":true,"href":"https:\/\/www.ofze.hu\/w\/wp-json\/wp\/v2\/users\/2"}],"replies":[{"embeddable":true,"href":"https:\/\/www.ofze.hu\/w\/wp-json\/wp\/v2\/comments?post=2930"}],"version-history":[{"count":4,"href":"https:\/\/www.ofze.hu\/w\/wp-json\/wp\/v2\/posts\/2930\/revisions"}],"predecessor-version":[{"id":2999,"href":"https:\/\/www.ofze.hu\/w\/wp-json\/wp\/v2\/posts\/2930\/revisions\/2999"}],"wp:featuredmedia":[{"embeddable":true,"href":"https:\/\/www.ofze.hu\/w\/wp-json\/wp\/v2\/media\/2931"}],"wp:attachment":[{"href":"https:\/\/www.ofze.hu\/w\/wp-json\/wp\/v2\/media?parent=2930"}],"wp:term":[{"taxonomy":"category","embeddable":true,"href":"https:\/\/www.ofze.hu\/w\/wp-json\/wp\/v2\/categories?post=2930"},{"taxonomy":"post_tag","embeddable":true,"href":"https:\/\/www.ofze.hu\/w\/wp-json\/wp\/v2\/tags?post=2930"}],"curies":[{"name":"wp","href":"https:\/\/api.w.org\/{rel}","templated":true}]}}