{"id":3019,"date":"2019-07-09T14:32:18","date_gmt":"2019-07-09T12:32:18","guid":{"rendered":"http:\/\/www.ofze.hu\/w\/?p=3019"},"modified":"2024-10-23T16:20:13","modified_gmt":"2024-10-23T14:20:13","slug":"ujra-fuvos-fesztival-oroshazan","status":"publish","type":"post","link":"https:\/\/www.ofze.hu\/w\/2019\/07\/09\/ujra-fuvos-fesztival-oroshazan\/","title":{"rendered":"\u00dajra f\u00fav\u00f3s fesztiv\u00e1l Orosh\u00e1z\u00e1n"},"content":{"rendered":"\n<p><strong>Id\u00e9n \u00fcnnepelj\u00fck a zenekar megalakul\u00e1s\u00e1nak 90. \u00e9vfordul\u00f3j\u00e1t. Ennek \u00f6r\u00f6m\u00e9re vend\u00e9g\u00fcl h\u00edvtunk az orsz\u00e1gb\u00f3l h\u00e1rom kiv\u00e1l\u00f3 f\u00fav\u00f3szenekart, hogy jelenl\u00e9t\u00fckkel \u00e9s zen\u00e9j\u00fckkel tov\u00e1bb emelj\u00e9k az \u00fcnnepi hangulatot.<\/strong><\/p>\n\n\n\n<!--more-->\n\n\n\n<p>A j\u00falius 13-i f\u00fav\u00f3s fesztiv\u00e1l programja.<\/p>\n\n\n\n<p>09:00 &#8211; 10:30 T\u00e9rzene az \u00c1rp\u00e1d-kertben<br>11:30 &#8211; 12:10 T\u00e9rzene a gyop\u00e1rosf\u00fcrd\u0151i strandon<\/p>\n\n\n\n<p>Fesztiv\u00e1l koncertek Orosh\u00e1za f\u0151ter\u00e9n<br>16:00 &#8211; 16:25 Megnyit\u00f3, k\u00f6z\u00f6s t\u00e9rzene <br>16:30 &#8211; 17:10 Fricsay Ferenc V\u00e1rosi F\u00fav\u00f3szenekar, Szeged<br>17:40 &#8211; 18:20 Dunakeszi Koncertf\u00fav\u00f3sok<br>18:20 &#8211; 19:00 K\u0151szeg V\u00e1ros F\u00fav\u00f3szenekara<br>19:10 &#8211; 19:50 Orosh\u00e1zi F\u00fav\u00f3szenekar<\/p>\n\n\n\n<p>Es\u0151 eset\u00e9n a d\u00e9lel\u0151tti t\u00e9rzen\u00e9k Gyop\u00e1rosf\u00fcrd\u0151n az \u00e9lm\u00e9nyf\u00fcrd\u0151ben, a d\u00e9lut\u00e1ni fell\u00e9p\u00e9sek a Pet\u0151fi M\u0171vel\u0151d\u00e9si K\u00f6zpont sz\u00ednh\u00e1zterm\u00e9ben lesznek megtartva.\n\n<\/p>\n\n\n\n<p><\/p>\n","protected":false},"excerpt":{"rendered":"<p>Vend\u00e9g\u00fcl h\u00edvtunk az orsz\u00e1gb\u00f3l h\u00e1rom kiv\u00e1l\u00f3 f\u00fav\u00f3szenekart, hogy jelenl\u00e9t\u00fckkel \u00e9s zen\u00e9j\u00fckkel tov\u00e1bb emelj\u00e9k az \u00fcnnepi hangulatot.<\/p>\n","protected":false},"author":2,"featured_media":3005,"comment_status":"closed","ping_status":"closed","sticky":false,"template":"","format":"standard","meta":{"ngg_post_thumbnail":0,"footnotes":""},"categories":[5],"tags":[114],"_links":{"self":[{"href":"https:\/\/www.ofze.hu\/w\/wp-json\/wp\/v2\/posts\/3019"}],"collection":[{"href":"https:\/\/www.ofze.hu\/w\/wp-json\/wp\/v2\/posts"}],"about":[{"href":"https:\/\/www.ofze.hu\/w\/wp-json\/wp\/v2\/types\/post"}],"author":[{"embeddable":true,"href":"https:\/\/www.ofze.hu\/w\/wp-json\/wp\/v2\/users\/2"}],"replies":[{"embeddable":true,"href":"https:\/\/www.ofze.hu\/w\/wp-json\/wp\/v2\/comments?post=3019"}],"version-history":[{"count":5,"href":"https:\/\/www.ofze.hu\/w\/wp-json\/wp\/v2\/posts\/3019\/revisions"}],"predecessor-version":[{"id":3100,"href":"https:\/\/www.ofze.hu\/w\/wp-json\/wp\/v2\/posts\/3019\/revisions\/3100"}],"wp:featuredmedia":[{"embeddable":true,"href":"https:\/\/www.ofze.hu\/w\/wp-json\/wp\/v2\/media\/3005"}],"wp:attachment":[{"href":"https:\/\/www.ofze.hu\/w\/wp-json\/wp\/v2\/media?parent=3019"}],"wp:term":[{"taxonomy":"category","embeddable":true,"href":"https:\/\/www.ofze.hu\/w\/wp-json\/wp\/v2\/categories?post=3019"},{"taxonomy":"post_tag","embeddable":true,"href":"https:\/\/www.ofze.hu\/w\/wp-json\/wp\/v2\/tags?post=3019"}],"curies":[{"name":"wp","href":"https:\/\/api.w.org\/{rel}","templated":true}]}}