{"id":3045,"date":"2019-07-12T15:34:40","date_gmt":"2019-07-12T13:34:40","guid":{"rendered":"http:\/\/www.ofze.hu\/w\/?p=3045"},"modified":"2024-10-23T16:20:13","modified_gmt":"2024-10-23T14:20:13","slug":"fesztivalpohar-vedd-a-kornyezetet-es-tamogasd-a-fuvoszenekart","status":"publish","type":"post","link":"https:\/\/www.ofze.hu\/w\/2019\/07\/12\/fesztivalpohar-vedd-a-kornyezetet-es-tamogasd-a-fuvoszenekart\/","title":{"rendered":"Fesztiv\u00e1lpoh\u00e1r: v\u00e9dd a k\u00f6rnyezetet \u00e9s t\u00e1mogasd a f\u00fav\u00f3szenekart!"},"content":{"rendered":"\n<p><strong>Mindkett\u0151t megteheted, ha az Orosh\u00e1zi F\u00fav\u00f3szenekari Fesztiv\u00e1lra k\u00e9sz\u00edtett jubileumi, \u00fajrahasznos\u00edtott m\u0171anyagb\u00f3l k\u00e9sz\u00fclt, nem eldob\u00f3s poharat megv\u00e1s\u00e1rolod. <\/strong><\/p>\n\n\n\n<!--more-->\n\n\n\n<p>Ezzel a d\u00f6nt\u00e9ssel nem szapor\u00edtod a m\u0171anyag szemetet, a poh\u00e1r \u00e1r\u00e1val pedig t\u00e1mogatsz minket abban, hogy \u00faj kott\u00e1kat, hangszereket vegy\u00fcnk.<br>Ugye, hogy mindenki j\u00f3l j\u00e1r?!&nbsp;<\/p>\n\n\n\n<figure class=\"wp-block-image\"><img loading=\"lazy\" decoding=\"async\" width=\"1024\" height=\"768\" src=\"http:\/\/www.ofze.hu\/w\/wp-content\/uploads\/2019\/07\/190712_fesztival_repohar-1024x768.jpg\" alt=\"A 2019-es Orosh\u00e1zi F\u00fav\u00f3szenekari Fesztiv\u00e1lra k\u00e9sz\u00edtett \u00fajrahasznos\u00edtott fesztiv\u00e1lpoh\u00e1r\n2019 07 12\" class=\"wp-image-3054\" srcset=\"https:\/\/www.ofze.hu\/w\/wp-content\/uploads\/2019\/07\/190712_fesztival_repohar-1024x768.jpg 1024w, https:\/\/www.ofze.hu\/w\/wp-content\/uploads\/2019\/07\/190712_fesztival_repohar-300x225.jpg 300w, https:\/\/www.ofze.hu\/w\/wp-content\/uploads\/2019\/07\/190712_fesztival_repohar-768x576.jpg 768w, https:\/\/www.ofze.hu\/w\/wp-content\/uploads\/2019\/07\/190712_fesztival_repohar.jpg 1500w\" sizes=\"(max-width: 1024px) 100vw, 1024px\" \/><figcaption>K\u00e9tf\u00e9le sz\u00ednben kaphat\u00f3 a fesztiv\u00e1lpoh\u00e1r<\/figcaption><\/figure>\n\n\n\n<p>A poharakat keress\u00e9tek j\u00falius 13-\u00e1n az \u00c1rp\u00e1d-kertben, Gyop\u00e1rosf\u00fcrd\u0151n \u00e9s a f\u0151t\u00e9ren, amikor a zenekarok j\u00e1tszanak.&nbsp; <\/p>\n","protected":false},"excerpt":{"rendered":"<p>Mindkett\u0151t megteheted, ha a zenekaros repoharunkat megv\u00e1s\u00e1rolod. <\/p>\n","protected":false},"author":2,"featured_media":3054,"comment_status":"closed","ping_status":"closed","sticky":false,"template":"","format":"standard","meta":{"ngg_post_thumbnail":0,"footnotes":""},"categories":[5],"tags":[114,113],"_links":{"self":[{"href":"https:\/\/www.ofze.hu\/w\/wp-json\/wp\/v2\/posts\/3045"}],"collection":[{"href":"https:\/\/www.ofze.hu\/w\/wp-json\/wp\/v2\/posts"}],"about":[{"href":"https:\/\/www.ofze.hu\/w\/wp-json\/wp\/v2\/types\/post"}],"author":[{"embeddable":true,"href":"https:\/\/www.ofze.hu\/w\/wp-json\/wp\/v2\/users\/2"}],"replies":[{"embeddable":true,"href":"https:\/\/www.ofze.hu\/w\/wp-json\/wp\/v2\/comments?post=3045"}],"version-history":[{"count":6,"href":"https:\/\/www.ofze.hu\/w\/wp-json\/wp\/v2\/posts\/3045\/revisions"}],"predecessor-version":[{"id":3097,"href":"https:\/\/www.ofze.hu\/w\/wp-json\/wp\/v2\/posts\/3045\/revisions\/3097"}],"wp:featuredmedia":[{"embeddable":true,"href":"https:\/\/www.ofze.hu\/w\/wp-json\/wp\/v2\/media\/3054"}],"wp:attachment":[{"href":"https:\/\/www.ofze.hu\/w\/wp-json\/wp\/v2\/media?parent=3045"}],"wp:term":[{"taxonomy":"category","embeddable":true,"href":"https:\/\/www.ofze.hu\/w\/wp-json\/wp\/v2\/categories?post=3045"},{"taxonomy":"post_tag","embeddable":true,"href":"https:\/\/www.ofze.hu\/w\/wp-json\/wp\/v2\/tags?post=3045"}],"curies":[{"name":"wp","href":"https:\/\/api.w.org\/{rel}","templated":true}]}}