{"id":3094,"date":"2019-07-19T15:10:49","date_gmt":"2019-07-19T13:10:49","guid":{"rendered":"http:\/\/www.ofze.hu\/w\/?p=3094"},"modified":"2024-10-23T16:20:13","modified_gmt":"2024-10-23T14:20:13","slug":"igy-fujtuk-a-fesztivalon","status":"publish","type":"post","link":"https:\/\/www.ofze.hu\/w\/2019\/07\/19\/igy-fujtuk-a-fesztivalon\/","title":{"rendered":"\u00cdgy f\u00fajtuk a fesztiv\u00e1lon"},"content":{"rendered":"\n<p><strong>Id\u00e9n 90 \u00e9ves az Orosh\u00e1zi F\u00fav\u00f3szenekar, ez\u00e9rt \u00fagy gondoltuk, megh\u00edvunk az orsz\u00e1g h\u00e1rom szeglet\u00e9b\u0151l h\u00e1rom kiv\u00e1l\u00f3 f\u00fav\u00f3szenekart, \u00fcnnepeljenek vel\u00fcnk egy\u00fctt. J\u00f3 v\u00e9ge lett!<\/strong><\/p>\n\n\n\n<p>A fesztiv\u00e1l 2019. j\u00falius 13-\u00e1n d\u00e9lel\u0151tt az \u00c1rp\u00e1d-kertben indult, majd Gyop\u00e1rosf\u00fcrd\u0151n folytat\u00f3dott. A g\u00e1l\u00e1t a v\u00e1ros f\u0151ter\u00e9re tervezt\u00fck, de az id\u0151j\u00e1r\u00e1s nem \u00edgy gondolta, ez\u00e9rt az es\u0151 el\u0151l bement\u00fcnk a PMK Orosh\u00e1za sz\u00ednh\u00e1zterm\u00e9be. <\/p>\n\n\n\n<ul class=\"wp-block-gallery columns-3 is-cropped wp-block-gallery-1 is-layout-flex wp-block-gallery-is-layout-flex\"><li class=\"blocks-gallery-item\"><figure><a href=\"http:\/\/www.ofze.hu\/w\/wp-content\/uploads\/2019\/07\/190713_oroshazi_fuvoszenekari_fesztival_PR009-1024x683.jpg\"><img loading=\"lazy\" decoding=\"async\" width=\"1024\" height=\"683\" src=\"http:\/\/www.ofze.hu\/w\/wp-content\/uploads\/2019\/07\/190713_oroshazi_fuvoszenekari_fesztival_PR009-1024x683.jpg\" alt=\"\" data-id=\"3267\" data-link=\"http:\/\/www.ofze.hu\/w\/2019\/07\/19\/igy-fujtuk-a-fesztivalon\/190713_oroshazi_fuvoszenekari_fesztival_pr009\/#main\" class=\"wp-image-3267\" srcset=\"https:\/\/www.ofze.hu\/w\/wp-content\/uploads\/2019\/07\/190713_oroshazi_fuvoszenekari_fesztival_PR009-1024x683.jpg 1024w, https:\/\/www.ofze.hu\/w\/wp-content\/uploads\/2019\/07\/190713_oroshazi_fuvoszenekari_fesztival_PR009-300x200.jpg 300w, https:\/\/www.ofze.hu\/w\/wp-content\/uploads\/2019\/07\/190713_oroshazi_fuvoszenekari_fesztival_PR009-768x512.jpg 768w, https:\/\/www.ofze.hu\/w\/wp-content\/uploads\/2019\/07\/190713_oroshazi_fuvoszenekari_fesztival_PR009.jpg 1500w\" sizes=\"(max-width: 1024px) 100vw, 1024px\" \/><\/a><\/figure><\/li><li class=\"blocks-gallery-item\"><figure><a href=\"http:\/\/www.ofze.hu\/w\/wp-content\/uploads\/2019\/07\/190713_oroshazi_fuvoszenekari_fesztival_PR008-1024x659.jpg\"><img loading=\"lazy\" decoding=\"async\" width=\"1024\" height=\"659\" src=\"http:\/\/www.ofze.hu\/w\/wp-content\/uploads\/2019\/07\/190713_oroshazi_fuvoszenekari_fesztival_PR008-1024x659.jpg\" alt=\"\" data-id=\"3266\" data-link=\"http:\/\/www.ofze.hu\/w\/2019\/07\/19\/igy-fujtuk-a-fesztivalon\/190713_oroshazi_fuvoszenekari_fesztival_pr008\/#main\" class=\"wp-image-3266\" srcset=\"https:\/\/www.ofze.hu\/w\/wp-content\/uploads\/2019\/07\/190713_oroshazi_fuvoszenekari_fesztival_PR008-1024x659.jpg 1024w, https:\/\/www.ofze.hu\/w\/wp-content\/uploads\/2019\/07\/190713_oroshazi_fuvoszenekari_fesztival_PR008-300x193.jpg 300w, https:\/\/www.ofze.hu\/w\/wp-content\/uploads\/2019\/07\/190713_oroshazi_fuvoszenekari_fesztival_PR008-768x495.jpg 768w, https:\/\/www.ofze.hu\/w\/wp-content\/uploads\/2019\/07\/190713_oroshazi_fuvoszenekari_fesztival_PR008.jpg 1500w\" sizes=\"(max-width: 1024px) 100vw, 1024px\" \/><\/a><\/figure><\/li><li class=\"blocks-gallery-item\"><figure><a href=\"http:\/\/www.ofze.hu\/w\/wp-content\/uploads\/2019\/07\/190713_oroshazi_fuvoszenekari_fesztival_PR007-1024x655.jpg\"><img loading=\"lazy\" decoding=\"async\" width=\"1024\" height=\"655\" src=\"http:\/\/www.ofze.hu\/w\/wp-content\/uploads\/2019\/07\/190713_oroshazi_fuvoszenekari_fesztival_PR007-1024x655.jpg\" alt=\"\" data-id=\"3265\" data-link=\"http:\/\/www.ofze.hu\/w\/2019\/07\/19\/igy-fujtuk-a-fesztivalon\/190713_oroshazi_fuvoszenekari_fesztival_pr007\/#main\" class=\"wp-image-3265\" srcset=\"https:\/\/www.ofze.hu\/w\/wp-content\/uploads\/2019\/07\/190713_oroshazi_fuvoszenekari_fesztival_PR007-1024x655.jpg 1024w, https:\/\/www.ofze.hu\/w\/wp-content\/uploads\/2019\/07\/190713_oroshazi_fuvoszenekari_fesztival_PR007-300x192.jpg 300w, https:\/\/www.ofze.hu\/w\/wp-content\/uploads\/2019\/07\/190713_oroshazi_fuvoszenekari_fesztival_PR007-768x491.jpg 768w, https:\/\/www.ofze.hu\/w\/wp-content\/uploads\/2019\/07\/190713_oroshazi_fuvoszenekari_fesztival_PR007.jpg 1500w\" sizes=\"(max-width: 1024px) 100vw, 1024px\" \/><\/a><\/figure><\/li><\/ul>\n\n\n\n<p>A szegedi Fricsay Ferenc V\u00e1rosi F\u00fav\u00f3szenekar, a Dunakeszi Koncertf\u00fav\u00f3sok, K\u0151szeg V\u00e1ros F\u00fav\u00f3szenekara \u00e9s h\u00e1zigazdak\u00e9nt mi, az Orosh\u00e1zi F\u00fav\u00f3szenekar p\u00f6rgett\u00fck fel a sz\u00e9psz\u00e1m\u00fa k\u00f6z\u00f6ns\u00e9get.<\/p>\n\n\n\n<figure class=\"wp-block-embed-youtube wp-block-embed is-type-video is-provider-youtube wp-embed-aspect-16-9 wp-has-aspect-ratio\"><div class=\"wp-block-embed__wrapper\">\n<iframe loading=\"lazy\" title=\"Ilyen volt a 2019-es Orosh\u00e1zi F\u00fav\u00f3szenekari Fesztiv\u00e1l\" width=\"500\" height=\"281\" src=\"https:\/\/www.youtube.com\/embed\/KlVmTwI1j68?feature=oembed\" frameborder=\"0\" allow=\"accelerometer; autoplay; clipboard-write; encrypted-media; gyroscope; picture-in-picture; web-share\" referrerpolicy=\"strict-origin-when-cross-origin\" allowfullscreen><\/iframe>\n<\/div><\/figure>\n\n\n\n<p>K\u00f6sz\u00f6nj\u00fck a vend\u00e9geknek a remekbe szabott f\u00fav\u00f3szen\u00e9t, a k\u00f6z\u00f6ns\u00e9gnek pedig a rengeteg tapsot! <\/p>\n\n\n\n<p>Aki szeretne sok j\u00f3 fot\u00f3t n\u00e9zegetni, <a rel=\"noreferrer noopener\" aria-label=\"kattintson ide (opens in a new tab)\" href=\"https:\/\/www.facebook.com\/pg\/fuvoszenekar\/photos\/?tab=album&amp;album_id=10156290409132091&amp;__xts__%5B0%5D=68.ARCA18nwOD4zjechhYZkKPJj9JuRpCJUv5n4O69cJCLxndwkW2IoVjWnHEBYB0YS9EWdQFgZWBlfUPJg8iMYv9UNyUYst7WN8N6zGUqgnCNYAlEMU9_db4Dd1McaG_6cPGkZ2klm2cFm9CA1QloUF-agxl31odQAm2J4GK4s4gIssmVVmT-SQqHJbaQQVlbdVbU68mb8fnIh3PMPD3-_vf-9T-6mPBs2QiTKoSNh61pejfvyUFrjburME8jdYXc3Egdl1tt355vulbRsUBcrXirBruBJLmGWdbiozwO8oDnXrHMyg2T4RdJvS3Mq8LtKtMOp_iYhsDi-SAWikqPd7LAKl-w0CcySiS4tngCa7urvLj3CGc9W8_VK0ELoTlj9Rr9CpEv3159H-emaC7ohZSM6dZbFkMXtYa09qbBJh8dvzIBlnRjQJ1DpyCAZdnmGtwP4XukzWTrBq4hEkSOKEmUb8PPZBABGxgmVvUycvPKF5znbFFbnRy9K1NH0K9Z-YZ3Exot6dnvR&amp;__tn__=-UC-R\" target=\"_blank\">kattintson ide<\/a>.<\/p>\n\n\n\n<ul class=\"wp-block-gallery columns-4 is-cropped wp-block-gallery-2 is-layout-flex wp-block-gallery-is-layout-flex\"><li class=\"blocks-gallery-item\"><figure><a href=\"http:\/\/www.ofze.hu\/w\/wp-content\/uploads\/2019\/07\/190713_oroshazi_fuvoszenekari_fesztival_PR006-1024x692.jpg\"><img loading=\"lazy\" decoding=\"async\" width=\"1024\" height=\"692\" src=\"http:\/\/www.ofze.hu\/w\/wp-content\/uploads\/2019\/07\/190713_oroshazi_fuvoszenekari_fesztival_PR006-1024x692.jpg\" alt=\"\" data-id=\"3260\" data-link=\"http:\/\/www.ofze.hu\/w\/2019\/07\/19\/igy-fujtuk-a-fesztivalon\/190713_oroshazi_fuvoszenekari_fesztival_pr006\/#main\" class=\"wp-image-3260\" srcset=\"https:\/\/www.ofze.hu\/w\/wp-content\/uploads\/2019\/07\/190713_oroshazi_fuvoszenekari_fesztival_PR006-1024x692.jpg 1024w, https:\/\/www.ofze.hu\/w\/wp-content\/uploads\/2019\/07\/190713_oroshazi_fuvoszenekari_fesztival_PR006-300x203.jpg 300w, https:\/\/www.ofze.hu\/w\/wp-content\/uploads\/2019\/07\/190713_oroshazi_fuvoszenekari_fesztival_PR006-768x519.jpg 768w, https:\/\/www.ofze.hu\/w\/wp-content\/uploads\/2019\/07\/190713_oroshazi_fuvoszenekari_fesztival_PR006.jpg 1500w\" sizes=\"(max-width: 1024px) 100vw, 1024px\" \/><\/a><\/figure><\/li><li class=\"blocks-gallery-item\"><figure><a href=\"http:\/\/www.ofze.hu\/w\/wp-content\/uploads\/2019\/07\/190713_oroshazi_fuvoszenekari_fesztival_PR005-1024x664.jpg\"><img loading=\"lazy\" decoding=\"async\" width=\"1024\" height=\"664\" src=\"http:\/\/www.ofze.hu\/w\/wp-content\/uploads\/2019\/07\/190713_oroshazi_fuvoszenekari_fesztival_PR005-1024x664.jpg\" alt=\"\" data-id=\"3259\" data-link=\"http:\/\/www.ofze.hu\/w\/2019\/07\/19\/igy-fujtuk-a-fesztivalon\/190713_oroshazi_fuvoszenekari_fesztival_pr005\/#main\" class=\"wp-image-3259\" srcset=\"https:\/\/www.ofze.hu\/w\/wp-content\/uploads\/2019\/07\/190713_oroshazi_fuvoszenekari_fesztival_PR005-1024x664.jpg 1024w, https:\/\/www.ofze.hu\/w\/wp-content\/uploads\/2019\/07\/190713_oroshazi_fuvoszenekari_fesztival_PR005-300x195.jpg 300w, https:\/\/www.ofze.hu\/w\/wp-content\/uploads\/2019\/07\/190713_oroshazi_fuvoszenekari_fesztival_PR005-768x498.jpg 768w, https:\/\/www.ofze.hu\/w\/wp-content\/uploads\/2019\/07\/190713_oroshazi_fuvoszenekari_fesztival_PR005.jpg 1500w\" sizes=\"(max-width: 1024px) 100vw, 1024px\" \/><\/a><\/figure><\/li><li class=\"blocks-gallery-item\"><figure><a href=\"http:\/\/www.ofze.hu\/w\/wp-content\/uploads\/2019\/07\/190713_oroshazi_fuvoszenekari_fesztival_PR002-1024x668.jpg\"><img loading=\"lazy\" decoding=\"async\" width=\"1024\" height=\"668\" src=\"http:\/\/www.ofze.hu\/w\/wp-content\/uploads\/2019\/07\/190713_oroshazi_fuvoszenekari_fesztival_PR002-1024x668.jpg\" alt=\"\" data-id=\"3256\" data-link=\"http:\/\/www.ofze.hu\/w\/2019\/07\/19\/igy-fujtuk-a-fesztivalon\/190713_oroshazi_fuvoszenekari_fesztival_pr002\/#main\" class=\"wp-image-3256\" srcset=\"https:\/\/www.ofze.hu\/w\/wp-content\/uploads\/2019\/07\/190713_oroshazi_fuvoszenekari_fesztival_PR002-1024x668.jpg 1024w, https:\/\/www.ofze.hu\/w\/wp-content\/uploads\/2019\/07\/190713_oroshazi_fuvoszenekari_fesztival_PR002-300x196.jpg 300w, https:\/\/www.ofze.hu\/w\/wp-content\/uploads\/2019\/07\/190713_oroshazi_fuvoszenekari_fesztival_PR002-768x501.jpg 768w, https:\/\/www.ofze.hu\/w\/wp-content\/uploads\/2019\/07\/190713_oroshazi_fuvoszenekari_fesztival_PR002.jpg 1500w\" sizes=\"(max-width: 1024px) 100vw, 1024px\" \/><\/a><\/figure><\/li><li class=\"blocks-gallery-item\"><figure><a href=\"http:\/\/www.ofze.hu\/w\/wp-content\/uploads\/2019\/07\/190713_oroshazi_fuvoszenekari_fesztival_PR004-683x1024.jpg\"><img loading=\"lazy\" decoding=\"async\" width=\"683\" height=\"1024\" src=\"http:\/\/www.ofze.hu\/w\/wp-content\/uploads\/2019\/07\/190713_oroshazi_fuvoszenekari_fesztival_PR004-683x1024.jpg\" alt=\"\" data-id=\"3258\" data-link=\"http:\/\/www.ofze.hu\/w\/2019\/07\/19\/igy-fujtuk-a-fesztivalon\/190713_oroshazi_fuvoszenekari_fesztival_pr004\/#main\" class=\"wp-image-3258\" srcset=\"https:\/\/www.ofze.hu\/w\/wp-content\/uploads\/2019\/07\/190713_oroshazi_fuvoszenekari_fesztival_PR004-683x1024.jpg 683w, https:\/\/www.ofze.hu\/w\/wp-content\/uploads\/2019\/07\/190713_oroshazi_fuvoszenekari_fesztival_PR004-200x300.jpg 200w, https:\/\/www.ofze.hu\/w\/wp-content\/uploads\/2019\/07\/190713_oroshazi_fuvoszenekari_fesztival_PR004-768x1152.jpg 768w, https:\/\/www.ofze.hu\/w\/wp-content\/uploads\/2019\/07\/190713_oroshazi_fuvoszenekari_fesztival_PR004.jpg 1500w\" sizes=\"(max-width: 683px) 100vw, 683px\" \/><\/a><\/figure><\/li><li class=\"blocks-gallery-item\"><figure><a href=\"http:\/\/www.ofze.hu\/w\/wp-content\/uploads\/2019\/07\/190713_oroshazi_fuvoszenekari_fesztival_PR003-673x1024.jpg\"><img loading=\"lazy\" decoding=\"async\" width=\"673\" height=\"1024\" src=\"http:\/\/www.ofze.hu\/w\/wp-content\/uploads\/2019\/07\/190713_oroshazi_fuvoszenekari_fesztival_PR003-673x1024.jpg\" alt=\"\" data-id=\"3257\" data-link=\"http:\/\/www.ofze.hu\/w\/2019\/07\/19\/igy-fujtuk-a-fesztivalon\/190713_oroshazi_fuvoszenekari_fesztival_pr003\/#main\" class=\"wp-image-3257\" srcset=\"https:\/\/www.ofze.hu\/w\/wp-content\/uploads\/2019\/07\/190713_oroshazi_fuvoszenekari_fesztival_PR003-673x1024.jpg 673w, https:\/\/www.ofze.hu\/w\/wp-content\/uploads\/2019\/07\/190713_oroshazi_fuvoszenekari_fesztival_PR003-197x300.jpg 197w, https:\/\/www.ofze.hu\/w\/wp-content\/uploads\/2019\/07\/190713_oroshazi_fuvoszenekari_fesztival_PR003-768x1168.jpg 768w, https:\/\/www.ofze.hu\/w\/wp-content\/uploads\/2019\/07\/190713_oroshazi_fuvoszenekari_fesztival_PR003.jpg 1500w\" sizes=\"(max-width: 673px) 100vw, 673px\" \/><\/a><\/figure><\/li><li class=\"blocks-gallery-item\"><figure><a href=\"http:\/\/www.ofze.hu\/w\/wp-content\/uploads\/2019\/07\/190713_oroshazi_fuvoszenekari_fesztival_PR001-693x1024.jpg\"><img loading=\"lazy\" decoding=\"async\" width=\"693\" height=\"1024\" src=\"http:\/\/www.ofze.hu\/w\/wp-content\/uploads\/2019\/07\/190713_oroshazi_fuvoszenekari_fesztival_PR001-693x1024.jpg\" alt=\"\" data-id=\"3255\" data-link=\"http:\/\/www.ofze.hu\/w\/2019\/07\/19\/igy-fujtuk-a-fesztivalon\/190713_oroshazi_fuvoszenekari_fesztival_pr001\/#main\" class=\"wp-image-3255\" srcset=\"https:\/\/www.ofze.hu\/w\/wp-content\/uploads\/2019\/07\/190713_oroshazi_fuvoszenekari_fesztival_PR001-693x1024.jpg 693w, https:\/\/www.ofze.hu\/w\/wp-content\/uploads\/2019\/07\/190713_oroshazi_fuvoszenekari_fesztival_PR001-203x300.jpg 203w, https:\/\/www.ofze.hu\/w\/wp-content\/uploads\/2019\/07\/190713_oroshazi_fuvoszenekari_fesztival_PR001-768x1136.jpg 768w, https:\/\/www.ofze.hu\/w\/wp-content\/uploads\/2019\/07\/190713_oroshazi_fuvoszenekari_fesztival_PR001.jpg 1500w\" sizes=\"(max-width: 693px) 100vw, 693px\" \/><\/a><\/figure><\/li><\/ul>\n","protected":false},"excerpt":{"rendered":"<p>Id\u00e9n 90 \u00e9ves az Orosh\u00e1zi F\u00fav\u00f3szenekar, amit a k\u0151szegi, dunakeszi \u00e9s szegedi zen\u00e9szbar\u00e1tokkal k\u00f6z\u00f6sen \u00fcnnepelt\u00fcnk meg, J\u00f3 v\u00e9ge lett!<\/p>\n","protected":false},"author":2,"featured_media":3096,"comment_status":"closed","ping_status":"closed","sticky":false,"template":"","format":"standard","meta":{"ngg_post_thumbnail":0,"footnotes":""},"categories":[3,116],"tags":[],"_links":{"self":[{"href":"https:\/\/www.ofze.hu\/w\/wp-json\/wp\/v2\/posts\/3094"}],"collection":[{"href":"https:\/\/www.ofze.hu\/w\/wp-json\/wp\/v2\/posts"}],"about":[{"href":"https:\/\/www.ofze.hu\/w\/wp-json\/wp\/v2\/types\/post"}],"author":[{"embeddable":true,"href":"https:\/\/www.ofze.hu\/w\/wp-json\/wp\/v2\/users\/2"}],"replies":[{"embeddable":true,"href":"https:\/\/www.ofze.hu\/w\/wp-json\/wp\/v2\/comments?post=3094"}],"version-history":[{"count":19,"href":"https:\/\/www.ofze.hu\/w\/wp-json\/wp\/v2\/posts\/3094\/revisions"}],"predecessor-version":[{"id":3275,"href":"https:\/\/www.ofze.hu\/w\/wp-json\/wp\/v2\/posts\/3094\/revisions\/3275"}],"wp:featuredmedia":[{"embeddable":true,"href":"https:\/\/www.ofze.hu\/w\/wp-json\/wp\/v2\/media\/3096"}],"wp:attachment":[{"href":"https:\/\/www.ofze.hu\/w\/wp-json\/wp\/v2\/media?parent=3094"}],"wp:term":[{"taxonomy":"category","embeddable":true,"href":"https:\/\/www.ofze.hu\/w\/wp-json\/wp\/v2\/categories?post=3094"},{"taxonomy":"post_tag","embeddable":true,"href":"https:\/\/www.ofze.hu\/w\/wp-json\/wp\/v2\/tags?post=3094"}],"curies":[{"name":"wp","href":"https:\/\/api.w.org\/{rel}","templated":true}]}}