{"id":3406,"date":"2022-04-19T22:57:12","date_gmt":"2022-04-19T20:57:12","guid":{"rendered":"http:\/\/www.ofze.hu\/w\/?p=3406"},"modified":"2024-10-23T16:20:13","modified_gmt":"2024-10-23T14:20:13","slug":"ujra-szol-a-fuvoszene-a-templomban","status":"publish","type":"post","link":"https:\/\/www.ofze.hu\/w\/2022\/04\/19\/ujra-szol-a-fuvoszene-a-templomban\/","title":{"rendered":"\u00dajra sz\u00f3l a f\u00fav\u00f3szene a templomban"},"content":{"rendered":"\n<p><strong>T\u00f6bb mint 5 \u00e9vtizede a telep\u00fcl\u00e9salap\u00edt\u00e1si \u00fcnneps\u00e9gsorozat egyik biztos pontja az Orosh\u00e1zi F\u00fav\u00f3szenekar templomi hangversenye. A Covid miatt k\u00e9t \u00e9v kihagy\u00e1s ut\u00e1n 2022. \u00e1prilis 23-\u00e1n v\u00e9gre \u00fajra f\u00fav\u00f3szen\u00e9t hallgathat a k\u00f6z\u00f6ns\u00e9g az orosh\u00e1zi evang\u00e9likus templomban.<\/strong><\/p>\n\n\n\n<!--more-->\n\n\n\n<p>\u2013 A zenekar egyik kedvenc fell\u00e9p\u00e9se ez, ahol hazai k\u00f6z\u00f6ns\u00e9g el\u0151tt olyan darabokkal kell ki\u00e1llni, melyek nagy r\u00e9sze t\u00e9rzen\u00e9ken nem hallhat\u00f3. Egyben ez is jelenti a kih\u00edv\u00e1st, hiszen mind\u00f6ssze n\u00e9h\u00e1ny h\u00f3nap \u00e1ll rendelkez\u00e9sre, hogy betanuljuk az egy\u00e9bk\u00e9nt technik\u00e1s, neh\u00e9z m\u0171veket \u2013 fogalmaz Debreczeni M\u00e1rk.\u00a0<\/p>\n\n\n\n<figure class=\"wp-block-image size-large\"><img loading=\"lazy\" decoding=\"async\" width=\"1024\" height=\"576\" src=\"http:\/\/www.ofze.hu\/w\/wp-content\/uploads\/2022\/04\/50_templomi_hangverseny_16x9-1024x576.jpg\" alt=\"\" class=\"wp-image-3407\" srcset=\"https:\/\/www.ofze.hu\/w\/wp-content\/uploads\/2022\/04\/50_templomi_hangverseny_16x9-1024x576.jpg 1024w, https:\/\/www.ofze.hu\/w\/wp-content\/uploads\/2022\/04\/50_templomi_hangverseny_16x9-300x169.jpg 300w, https:\/\/www.ofze.hu\/w\/wp-content\/uploads\/2022\/04\/50_templomi_hangverseny_16x9-768x432.jpg 768w, https:\/\/www.ofze.hu\/w\/wp-content\/uploads\/2022\/04\/50_templomi_hangverseny_16x9-1536x864.jpg 1536w, https:\/\/www.ofze.hu\/w\/wp-content\/uploads\/2022\/04\/50_templomi_hangverseny_16x9-2048x1152.jpg 2048w\" sizes=\"(max-width: 1024px) 100vw, 1024px\" \/><\/figure>\n\n\n\n<p>A f\u00fav\u00f3sok karmestere hangs\u00falyozza, egy templomi koncert m\u0171sor\u00e1t alapvet\u0151en meghat\u00e1rozza a hely szellemis\u00e9ge \u00e9s az \u00fcnnepk\u00f6r \u00fczenete.<br>\u2013 M\u00edg egy ny\u00e1ri t\u00e9rzen\u00e9n ink\u00e1bb a sz\u00f3rakoztat\u00f3 m\u0171faj a jellemz\u0151, addig egy templomi koncerten el\u0151t\u00e9rbe ker\u00fclnek a nagyobb terjedelm\u0171 komolyzenei m\u0171vek is. <\/p>\n\n\n\n<blockquote class=\"wp-block-quote is-layout-flow wp-block-quote-is-layout-flow\"><p>Azonban igyekeztem most is \u00fagy v\u00e1logatni, hogy a k\u00f6z\u00f6ns\u00e9g j\u00f3l sz\u00f3rakozzon, sok ismert dallamot halljon a b\u0151 egy \u00f3r\u00e1s koncerten \u2013 mondja a zenekar szakmai vezet\u0151je, aki r\u00e9szleteket is el\u00e1rul.<\/p><\/blockquote>\n\n\n\n<p>\u2013 John Williams \u00e9s Ennio Morricone a filmzen\u00e9k megker\u00fclhetetlen alakjai, mindk\u00e9t szerz\u0151t\u0151l j\u00e1tszunk egy kiv\u00e1l\u00f3 v\u00e1logat\u00e1st az ismert zen\u00e9ikb\u0151l. Kod\u00e1ly Zolt\u00e1n a magyar \u00e9s a nemzetk\u00f6zi zenei \u00e9let egyik legnagyobb alakjak\u00e9nt igaz\u00e1n maradand\u00f3t alkotott. Egyik legismertebb m\u0171v\u00e9b\u0151l, a H\u00e1ry J\u00e1nos c\u00edm\u0171 oper\u00e1j\u00e1b\u00f3l a Toborz\u00f3 dallama fog felcsend\u00fclni. <\/p>\n\n\n\n<figure class=\"wp-block-pullquote is-style-solid-color\"><blockquote><p> Bizton \u00e1ll\u00edthatom, akinek a zenem\u0171 c\u00edme nem mond semmit, ahogy meghallja a dallamot, m\u00e1ris \u00e9nekelni fogja mag\u00e1ban.  <\/p><\/blockquote><\/figure>\n\n\n\n<p>F\u00fav\u00f3szenekar l\u00e9v\u00e9n term\u00e9szetesen indul\u00f3kat is j\u00e1tszunk, ezek k\u00f6z\u00fcl pedig egy, a zenekar \u00e1ltal r\u00e9gen j\u00e1tszott m\u0171vet, Ifj. Johann Strauss Egyiptomi indul\u00f3j\u00e1t \u00faj\u00edtottuk fel. Ezek mellett k\u00e9t, folyamatosan reperto\u00e1ron l\u00e9v\u0151 f\u00fav\u00f3sdarabot, Jacob de Haan holland zeneszerz\u0151 Concerto di Amore, valamint Michael Corb \u00e9s Ulrich Roever Highland Chatedral c\u00edm\u0171 szerzem\u00e9ny\u00e9t is el\u0151adja a zenekar \u2013 z\u00e1rja a felsorol\u00e1st Debreczeni M\u00e1rk.<\/p>\n\n\n\n<figure class=\"wp-block-image size-large\"><img loading=\"lazy\" decoding=\"async\" width=\"1024\" height=\"683\" src=\"http:\/\/www.ofze.hu\/w\/wp-content\/uploads\/2022\/04\/190423_49.templomi_hangverseny_debreczeni_mark-1024x683.jpg\" alt=\"\" class=\"wp-image-3414\" srcset=\"https:\/\/www.ofze.hu\/w\/wp-content\/uploads\/2022\/04\/190423_49.templomi_hangverseny_debreczeni_mark-1024x683.jpg 1024w, https:\/\/www.ofze.hu\/w\/wp-content\/uploads\/2022\/04\/190423_49.templomi_hangverseny_debreczeni_mark-300x200.jpg 300w, https:\/\/www.ofze.hu\/w\/wp-content\/uploads\/2022\/04\/190423_49.templomi_hangverseny_debreczeni_mark-768x513.jpg 768w, https:\/\/www.ofze.hu\/w\/wp-content\/uploads\/2022\/04\/190423_49.templomi_hangverseny_debreczeni_mark.jpg 1500w\" sizes=\"(max-width: 1024px) 100vw, 1024px\" \/><figcaption>Debreczeni M\u00e1rk karmester (Fot\u00f3: Palot\u00e1s Rajmund)<\/figcaption><\/figure>\n\n\n\n<p>Az Orosh\u00e1zi F\u00fav\u00f3szenekar 50. Templomi hangversenye 2022. \u00e1prilis 23-\u00e1n, szombaton 18 \u00f3rakor kezd\u0151dik az orosh\u00e1zi evang\u00e9likus templomban. Ha az id\u0151j\u00e1r\u00e1s engedi, 17 \u00f3ra 30 perct\u0151l a templom torny\u00e1b\u00f3l fanf\u00e1rt is f\u00fajnak majd a zen\u00e9szek, \u00edgy \u00e9rdemes id\u0151ben \u00e9rkezni.<\/p>\n\n\n\n<p>Bel\u00e9p\u0151d\u00edj nincs, az esem\u00e9nyre regisztr\u00e1ci\u00f3 sem sz\u00fcks\u00e9ges.<\/p>\n\n\n\n<p>A hangversenyre <a href=\"https:\/\/www.facebook.com\/events\/393239062634624?ref=newsfeed\">ide kattintva<\/a> lehet bejelentkezni a zenekar Facebook oldal\u00e1n.<br><\/p>\n","protected":false},"excerpt":{"rendered":"<p>A Covid miatt k\u00e9t \u00e9v kihagy\u00e1s ut\u00e1n 2022. \u00e1prilis 23-\u00e1n v\u00e9gre \u00fajra f\u00fav\u00f3szen\u00e9t hallgathat a k\u00f6z\u00f6ns\u00e9g az orosh\u00e1zi evang\u00e9likus templomban.<\/p>\n","protected":false},"author":2,"featured_media":3410,"comment_status":"closed","ping_status":"closed","sticky":false,"template":"","format":"standard","meta":{"ngg_post_thumbnail":0,"footnotes":""},"categories":[112],"tags":[8,9,118],"_links":{"self":[{"href":"https:\/\/www.ofze.hu\/w\/wp-json\/wp\/v2\/posts\/3406"}],"collection":[{"href":"https:\/\/www.ofze.hu\/w\/wp-json\/wp\/v2\/posts"}],"about":[{"href":"https:\/\/www.ofze.hu\/w\/wp-json\/wp\/v2\/types\/post"}],"author":[{"embeddable":true,"href":"https:\/\/www.ofze.hu\/w\/wp-json\/wp\/v2\/users\/2"}],"replies":[{"embeddable":true,"href":"https:\/\/www.ofze.hu\/w\/wp-json\/wp\/v2\/comments?post=3406"}],"version-history":[{"count":6,"href":"https:\/\/www.ofze.hu\/w\/wp-json\/wp\/v2\/posts\/3406\/revisions"}],"predecessor-version":[{"id":3415,"href":"https:\/\/www.ofze.hu\/w\/wp-json\/wp\/v2\/posts\/3406\/revisions\/3415"}],"wp:featuredmedia":[{"embeddable":true,"href":"https:\/\/www.ofze.hu\/w\/wp-json\/wp\/v2\/media\/3410"}],"wp:attachment":[{"href":"https:\/\/www.ofze.hu\/w\/wp-json\/wp\/v2\/media?parent=3406"}],"wp:term":[{"taxonomy":"category","embeddable":true,"href":"https:\/\/www.ofze.hu\/w\/wp-json\/wp\/v2\/categories?post=3406"},{"taxonomy":"post_tag","embeddable":true,"href":"https:\/\/www.ofze.hu\/w\/wp-json\/wp\/v2\/tags?post=3406"}],"curies":[{"name":"wp","href":"https:\/\/api.w.org\/{rel}","templated":true}]}}