{"id":3523,"date":"2023-07-05T17:57:26","date_gmt":"2023-07-05T15:57:26","guid":{"rendered":"https:\/\/www.ofze.hu\/w\/?p=3523"},"modified":"2024-10-23T16:20:13","modified_gmt":"2024-10-23T14:20:13","slug":"hello-balaton-a-vizben-es-a-placcon-is-zeneltek-az-oroshazi-fuvosok","status":"publish","type":"post","link":"https:\/\/www.ofze.hu\/w\/2023\/07\/05\/hello-balaton-a-vizben-es-a-placcon-is-zeneltek-az-oroshazi-fuvosok\/","title":{"rendered":"Hello Balaton &#8211; a v\u00edzben \u00e9s a placcon is zen\u00e9ltek az orosh\u00e1zi f\u00fav\u00f3sok"},"content":{"rendered":"\n<p><strong>Gyerekek Orosh\u00e1za, l\u00f3ra! \u2013 hangzott el az Orosh\u00e1zi F\u00fav\u00f3szenekarban m\u00e1r legend\u00e1ss\u00e1 nemesedett felsz\u00f3l\u00edt\u00e1s j\u00fanius 29-\u00e9n reggel 5 \u00f3rakor a PMK m\u00f6g\u00f6tt. A zen\u00e9szek persze ezt hallva nem l\u00f3ra, hanem a buszra sz\u00e1lltak fel, ezzel kezd\u0151d\u00f6tt a 2023-as esztend\u0151 balatoni turn\u00e9ja, ami k\u00e9t sikeres fell\u00e9p\u00e9st, rengeteg nevet\u00e9st \u00e9s n\u00e9h\u00e1ny \u00fajabb, id\u0151vel szint\u00e9n legend\u00e1ss\u00e1 v\u00e1l\u00f3 sztorit hozott.<\/strong><\/p>\n\n\n\n<!--more-->\n\n\n\n<p>\u2013 A zenekar \u00e9vtizedek \u00f3ta j\u00e1r a Balatonra: a \u201870-es, \u201880-as \u00e9vekben a Z\u00e1nkai \u00datt\u00f6r\u0151t\u00e1bor volt az \u00fatic\u00e9l, 1991-ben voltunk el\u0151sz\u00f6r Szigligeten, ahov\u00e1 \u00e9vtizedeken kereszt\u00fcl visszaj\u00e1rtunk, 2019 \u00f3ta viszont P\u00e1lk\u00f6ve, azon bel\u00fcl is a N\u00e1dfedeles H\u00e1zik\u00f3 a zenet\u00e1bor k\u00f6zpontja, amit egy dunakeszi f\u00fav\u00f3szenekaros \u00fczemeltet \u2013 \u00f6sszegez Kov\u00e1cs P\u00e9ter D\u00e1vid.&nbsp;<\/p>\n\n\n\n<p>Az Orosh\u00e1zi F\u00fav\u00f3szenekari Egyes\u00fclet eln\u00f6ke hangs\u00falyozta, id\u00e9n k\u00e9t fell\u00e9p\u00e9st szerveztek az Orosh\u00e1z\u00e1r\u00f3l elsz\u00e1rmazott F\u00e9s\u0171n\u00e9 B\u00e1lint Gizella hathat\u00f3s seg\u00edts\u00e9g\u00e9vel.<br>\u2013 Els\u0151k\u00e9nt j\u00fanius 30-\u00e1n a szigligeti strandon zen\u00e9lt\u00fcnk, ami, ha a Balaton mellett j\u00e1runk kihagyhatatlan program. M\u00e1snap pedig Keszthelyre buszoztunk, ahol a parti s\u00e9t\u00e1nyon, a kik\u00f6t\u0151 melletti zenepavilonn\u00e1l adtunk 1 \u00f3r\u00e1s t\u00e9rzen\u00e9t a helyiek nagy \u00f6r\u00f6m\u00e9re. Ez a n\u00e9h\u00e1ny napos turn\u00e9 a pihen\u00e9s, strandol\u00e1s \u00e9s zen\u00e9l\u00e9s mellett a zenekar sz\u00e1m\u00e1ra a legjobb csapat\u00e9p\u00edt\u0151 program. \u00cdgy visszagondolva is elmondhatom, a j\u00f3kedv v\u00e9gig adott volt, rengeteg nevet\u00e9s \u00e9s sok j\u00f3 sztori kerekedett ki, \u00e9s b\u00edzom benne, mindennek meg is lesz a l\u00e1tszatja a pr\u00f3b\u00e1kon \u00e9s a fell\u00e9p\u00e9seken a k\u00f6vetkez\u0151 h\u00f3napokban \u2013 \u00f6sszegez az egyes\u00fclet eln\u00f6ke.<\/p>\n\n\n\n<figure class=\"wp-block-image size-large\"><a href=\"https:\/\/www.ofze.hu\/w\/wp-content\/uploads\/2023\/07\/20230701_ofze_keszthely_web.jpg\"><img loading=\"lazy\" decoding=\"async\" width=\"1024\" height=\"576\" src=\"https:\/\/www.ofze.hu\/w\/wp-content\/uploads\/2023\/07\/20230701_ofze_keszthely_web-1024x576.jpg\" alt=\"\" class=\"wp-image-3524\" srcset=\"https:\/\/www.ofze.hu\/w\/wp-content\/uploads\/2023\/07\/20230701_ofze_keszthely_web-1024x576.jpg 1024w, https:\/\/www.ofze.hu\/w\/wp-content\/uploads\/2023\/07\/20230701_ofze_keszthely_web-300x169.jpg 300w, https:\/\/www.ofze.hu\/w\/wp-content\/uploads\/2023\/07\/20230701_ofze_keszthely_web-768x432.jpg 768w, https:\/\/www.ofze.hu\/w\/wp-content\/uploads\/2023\/07\/20230701_ofze_keszthely_web.jpg 1500w\" sizes=\"(max-width: 1024px) 100vw, 1024px\" \/><\/a><figcaption class=\"wp-element-caption\">A keszthelyi kik\u00f6t\u0151 mellett &#8211; fell\u00e9p\u00e9s ut\u00e1n<\/figcaption><\/figure>\n\n\n\n<p>A turn\u00e9 el\u0151tt 1 h\u00e9ttel az orosh\u00e1zi zenepavilonban hangoltunk, ami egyben \u00e9les pr\u00f3ba is volt a balatoni fell\u00e9p\u00e9sek el\u0151tt.<br>\u2013 Kellett is az a t\u00e9rzene, hogy a pr\u00f3batermi k\u00f6r\u00fclm\u00e9nyek ut\u00e1n \u00e1t\u00e1lljon mindenki a szabadt\u00e9ri zen\u00e9l\u00e9sre, ami m\u00e1s kvalit\u00e1sokat k\u00edv\u00e1n \u2013 veszi \u00e1t a sz\u00f3t a f\u00fav\u00f3sok karmestere. <\/p>\n\n\n\n<figure class=\"wp-block-image size-large\"><a href=\"https:\/\/www.ofze.hu\/w\/wp-content\/uploads\/2023\/07\/20230701_ofze_keszthely_zenepavilon_web.jpg\"><img loading=\"lazy\" decoding=\"async\" width=\"1024\" height=\"576\" src=\"https:\/\/www.ofze.hu\/w\/wp-content\/uploads\/2023\/07\/20230701_ofze_keszthely_zenepavilon_web-1024x576.jpg\" alt=\"A keszthelyi zenepavilon el\u0151tt\" class=\"wp-image-3530\" srcset=\"https:\/\/www.ofze.hu\/w\/wp-content\/uploads\/2023\/07\/20230701_ofze_keszthely_zenepavilon_web-1024x576.jpg 1024w, https:\/\/www.ofze.hu\/w\/wp-content\/uploads\/2023\/07\/20230701_ofze_keszthely_zenepavilon_web-300x169.jpg 300w, https:\/\/www.ofze.hu\/w\/wp-content\/uploads\/2023\/07\/20230701_ofze_keszthely_zenepavilon_web-768x432.jpg 768w, https:\/\/www.ofze.hu\/w\/wp-content\/uploads\/2023\/07\/20230701_ofze_keszthely_zenepavilon_web.jpg 1500w\" sizes=\"(max-width: 1024px) 100vw, 1024px\" \/><\/a><\/figure>\n\n\n\n<p>Debreczeni M\u00e1rk hangs\u00falyozza, hogy a templomi hangverseny komolyabb hangv\u00e9tele ut\u00e1n a k\u00f6nnyedebb, laza, ny\u00e1ri t\u00e9rzen\u00e9kre val\u00f3 st\u00edlusra is \u00e1t kellett \u00e1llni.<br>\u2013 A m\u00e1jus \u00e9s a j\u00fanius azzal telt, hogy el\u0151vett\u00fck \u00e9s felfriss\u00edtett\u00fck a kor\u00e1bban m\u00e1r j\u00e1tszott k\u00f6nny\u0171zenei darabokat, de emellett \u00faj zen\u00e9k is ker\u00fcltek a kotta\u00e1llv\u00e1nyra. Ezek k\u00f6z\u00fcl nagy tetsz\u00e9st aratott a k\u00f6z\u00f6ns\u00e9g soraiban a 32-es baka vagyok \u00e9n c\u00edm\u0171 katonan\u00f3ta, amit a zenekar f\u00e9rfi tagjai \u00e9nekelnek, illetve a Beatles Hey Jude c\u00edm\u0171 szerzem\u00e9ny\u00e9nek f\u00fav\u00f3s \u00e1tirata is. \u00c1m itt nem \u00e1llunk meg, m\u00e1r pr\u00f3b\u00e1lunk t\u00f6bbek k\u00f6z\u00f6tt Metallica \u00e9s Guns N\u2019 Roses darabot is, amiket a k\u00e9s\u0151bbiekben mutatunk majd be a k\u00f6z\u00f6ns\u00e9gnek \u2013 \u00f6sszegzett Debreczeni M\u00e1rk.<\/p>\n\n\n\n<p><em>Aki belen\u00e9zne, belehallgatna a balatoni t\u00e9rzen\u00e9nkbe, a zenekar Facebook oldal\u00e1n tal\u00e1l \u00e9l\u0151 vide\u00f3kat. A szigligeti, imm\u00e1r hagyom\u00e1nyos v\u00edzben \u00e1ll\u00f3s indul\u00f3z\u00e1s <\/em><a href=\"https:\/\/fb.watch\/lB5aQH0CVe\/\"><em>ide kattintva<\/em><\/a><em>, a keszthelyi, \u00e9nekl\u0151s katonan\u00f3ta <\/em><a href=\"https:\/\/fb.watch\/lB58mPG2g6\/\"><em>ide kattintva<\/em><\/a><em> \u00e9rhet\u0151 el.<\/em><\/p>\n","protected":false},"excerpt":{"rendered":"<p>K\u00e9t sikeres fell\u00e9p\u00e9s, rengeteg nevet\u00e9s \u00e9s n\u00e9h\u00e1ny \u00fajabb, id\u0151vel szint\u00e9n legend\u00e1ss\u00e1 v\u00e1l\u00f3 sztori.<\/p>\n","protected":false},"author":2,"featured_media":3524,"comment_status":"closed","ping_status":"closed","sticky":false,"template":"","format":"standard","meta":{"ngg_post_thumbnail":0,"footnotes":""},"categories":[3],"tags":[65,104,120,119,95,19,15],"_links":{"self":[{"href":"https:\/\/www.ofze.hu\/w\/wp-json\/wp\/v2\/posts\/3523"}],"collection":[{"href":"https:\/\/www.ofze.hu\/w\/wp-json\/wp\/v2\/posts"}],"about":[{"href":"https:\/\/www.ofze.hu\/w\/wp-json\/wp\/v2\/types\/post"}],"author":[{"embeddable":true,"href":"https:\/\/www.ofze.hu\/w\/wp-json\/wp\/v2\/users\/2"}],"replies":[{"embeddable":true,"href":"https:\/\/www.ofze.hu\/w\/wp-json\/wp\/v2\/comments?post=3523"}],"version-history":[{"count":6,"href":"https:\/\/www.ofze.hu\/w\/wp-json\/wp\/v2\/posts\/3523\/revisions"}],"predecessor-version":[{"id":3531,"href":"https:\/\/www.ofze.hu\/w\/wp-json\/wp\/v2\/posts\/3523\/revisions\/3531"}],"wp:featuredmedia":[{"embeddable":true,"href":"https:\/\/www.ofze.hu\/w\/wp-json\/wp\/v2\/media\/3524"}],"wp:attachment":[{"href":"https:\/\/www.ofze.hu\/w\/wp-json\/wp\/v2\/media?parent=3523"}],"wp:term":[{"taxonomy":"category","embeddable":true,"href":"https:\/\/www.ofze.hu\/w\/wp-json\/wp\/v2\/categories?post=3523"},{"taxonomy":"post_tag","embeddable":true,"href":"https:\/\/www.ofze.hu\/w\/wp-json\/wp\/v2\/tags?post=3523"}],"curies":[{"name":"wp","href":"https:\/\/api.w.org\/{rel}","templated":true}]}}