{"id":3682,"date":"2023-12-05T22:15:51","date_gmt":"2023-12-05T21:15:51","guid":{"rendered":"https:\/\/www.ofze.hu\/w\/?p=3682"},"modified":"2024-10-23T16:20:13","modified_gmt":"2024-10-23T14:20:13","slug":"33-szilveszteri-hangverseny-ismet-tele-a-csarnok","status":"publish","type":"post","link":"https:\/\/www.ofze.hu\/w\/2023\/12\/05\/33-szilveszteri-hangverseny-ismet-tele-a-csarnok\/","title":{"rendered":"33. Szilveszteri hangverseny &#8211; ism\u00e9t tele a csarnok"},"content":{"rendered":"\n<p><strong>A tavalyi \u00e9vz\u00e1r\u00f3 hangversennyel nagyon magasra tett\u00fck a m\u00e9rc\u00e9t. \u00c9s most arra k\u00e9sz\u00fcl\u00fcnk, hogy 2023-ban \u00e1tugorjuk.<\/strong><\/p>\n\n\n\n<!--more-->\n\n\n\n<p>M\u00e9g alig m\u00falt el a szeptember, de m\u00e1r meg\u00e1ll\u00edtottak benn\u00fcnket az utc\u00e1n, a munkahelyen, a post\u00e1n, hogy mikort\u00f3l lehet jegyet venni a Szilveszteri hangversenyre. Ez is jelzi, hogy tavaly t\u00e9nyleg <a href=\"https:\/\/youtu.be\/yBRJRxYpzQk?si=3Us6SbRbbfoGjcEp\" target=\"_blank\" rel=\"noreferrer noopener\">siker\u00fclt rendesen odatenni magunkat<\/a> a sportcsarnokban.<\/p>\n\n\n\n<h2 class=\"wp-block-heading\"><s>Nagyon fogynak a jegyek <\/s>Elfogytak az \u00fcl\u0151jegyek<\/h2>\n\n\n\n<p>Bizony, az \u00fcl\u0151jegyek \u2013 nagy \u00f6r\u00f6m\u00fcnkre \u2013 m\u00e1r elkeltek, de aki siet, m\u00e9g tud v\u00e1s\u00e1rolni \u00e1ll\u00f3jegyet!<\/p>\n\n\n\n<figure class=\"wp-block-image size-large\"><a href=\"https:\/\/www.ofze.hu\/w\/wp-content\/uploads\/2023\/12\/231211_elfogyott_ulojegyek_33_szilveszteri.jpg\"><img loading=\"lazy\" decoding=\"async\" width=\"1024\" height=\"1024\" src=\"https:\/\/www.ofze.hu\/w\/wp-content\/uploads\/2023\/12\/231211_elfogyott_ulojegyek_33_szilveszteri-1024x1024.jpg\" alt=\"\" class=\"wp-image-3690\" srcset=\"https:\/\/www.ofze.hu\/w\/wp-content\/uploads\/2023\/12\/231211_elfogyott_ulojegyek_33_szilveszteri-1024x1024.jpg 1024w, https:\/\/www.ofze.hu\/w\/wp-content\/uploads\/2023\/12\/231211_elfogyott_ulojegyek_33_szilveszteri-300x300.jpg 300w, https:\/\/www.ofze.hu\/w\/wp-content\/uploads\/2023\/12\/231211_elfogyott_ulojegyek_33_szilveszteri-150x150.jpg 150w, https:\/\/www.ofze.hu\/w\/wp-content\/uploads\/2023\/12\/231211_elfogyott_ulojegyek_33_szilveszteri-768x768.jpg 768w, https:\/\/www.ofze.hu\/w\/wp-content\/uploads\/2023\/12\/231211_elfogyott_ulojegyek_33_szilveszteri-560x560.jpg 560w, https:\/\/www.ofze.hu\/w\/wp-content\/uploads\/2023\/12\/231211_elfogyott_ulojegyek_33_szilveszteri.jpg 1080w\" sizes=\"(max-width: 1024px) 100vw, 1024px\" \/><\/a><\/figure>\n\n\n\n<p><em>A PMK Orosh\u00e1za jegyp\u00e9nzt\u00e1r\u00e1nak nyitvatart\u00e1sa:<br>H\u00e9tf\u0151: 8:00-12:00; 12:30-16:30<br>Szerda: 9:00-12:00; 12:30-17:30<br>P\u00e9ntek: 8:00-15:00<br>(A jegyv\u00e1s\u00e1rl\u00e1sn\u00e1l bankk\u00e1rty\u00e1t nem fogadnak el!)<\/em><\/p>\n\n\n\n<p>H\u00e1l\u00e1san k\u00f6sz\u00f6nj\u00fck a nagy \u00e9rdekl\u0151d\u00e9st, \u00edg\u00e9rj\u00fck, az idei, imm\u00e1r 33. Szilveszteri hangversenyen meg is h\u00e1l\u00e1juk majd a bizalmat, hisz erre, az \u00e9v legnagyobb fell\u00e9p\u00e9s\u00e9re k\u00e9sz\u00fcl\u00fcnk h\u00f3napok \u00f3ta.<\/p>\n\n\n\n<p>\u2013 Most is k\u00e9sz\u00fcl\u00fcnk r\u00e9gi nagy kedvencekkel, valamint olyan sz\u00e1mokkal is, melyeket december v\u00e9g\u00e9n hallhat el\u0151sz\u00f6r a k\u00f6z\u00f6ns\u00e9g. A r\u00e9gebbi sikerdarabok k\u00f6z\u00e9 tartozik Brahms V. Magyar t\u00e1nca vagy Duke Ellington Caravan c\u00edm\u0171 m\u0171ve. Lesz azonban olyan is, amit most fogunk els\u0151re j\u00e1tszani. Hogy k\u00e9t p\u00e9ld\u00e1t eml\u00edtsek, a K.F.T. \u00e9s a Zenevonat c\u00edm\u0171 egyvelegeket most \u0151sszel tanultuk meg \u2013 sorolta Debreczeni M\u00e1rk.<\/p>\n\n\n\n<p>Karmester\u00fcnk hozz\u00e1tette, az idei ny\u00e1r egyik kedvelt bakadal\u00e1t a zenekar f\u00e9rfi tagjai fogj\u00e1k \u00e9nekelni, de lesz sz\u00f3l\u00f3 \u00e9nek is, valamint ezeken fel\u00fcl is sok m\u00e1s kedvelt m\u0171vet fog hallani a k\u00f6z\u00f6ns\u00e9g. \u00c9s term\u00e9szetesen most is j\u00f6nnek a t\u00e1ncosok&#8230;<\/p>\n\n\n\n<figure class=\"wp-block-image size-large\"><a href=\"https:\/\/www.ofze.hu\/w\/wp-content\/uploads\/2023\/12\/231205_ofze-szilveszter-plakat_alja.jpg\"><img loading=\"lazy\" decoding=\"async\" width=\"1024\" height=\"496\" src=\"https:\/\/www.ofze.hu\/w\/wp-content\/uploads\/2023\/12\/231205_ofze-szilveszter-plakat_alja-1024x496.jpg\" alt=\"\" class=\"wp-image-3685\" srcset=\"https:\/\/www.ofze.hu\/w\/wp-content\/uploads\/2023\/12\/231205_ofze-szilveszter-plakat_alja-1024x496.jpg 1024w, https:\/\/www.ofze.hu\/w\/wp-content\/uploads\/2023\/12\/231205_ofze-szilveszter-plakat_alja-300x145.jpg 300w, https:\/\/www.ofze.hu\/w\/wp-content\/uploads\/2023\/12\/231205_ofze-szilveszter-plakat_alja-768x372.jpg 768w, https:\/\/www.ofze.hu\/w\/wp-content\/uploads\/2023\/12\/231205_ofze-szilveszter-plakat_alja.jpg 1080w\" sizes=\"(max-width: 1024px) 100vw, 1024px\" \/><\/a><\/figure>\n\n\n\n<p>Aki szeretne naprak\u00e9sz lenni, hogyan \u00e1llnak az el\u0151k\u00e9sz\u00fcletek, mik lesznek a csarnokba jut\u00e1s tudnival\u00f3i \u00e9s nem utols\u00f3 sorban, mit fogunk majd j\u00e1tszani, k\u00f6vessen be minket a&nbsp;<a rel=\"noreferrer noopener\" href=\"https:\/\/www.facebook.com\/fuvoszenekar\" target=\"_blank\">Facebookon<\/a>,&nbsp;<a rel=\"noreferrer noopener\" href=\"https:\/\/www.instagram.com\/ofzeoh\/\" target=\"_blank\">Instagramon<\/a>,&nbsp;<a rel=\"noreferrer noopener\" href=\"https:\/\/twitter.com\/ofze\" target=\"_blank\">Twitteren<\/a>,&nbsp;<a rel=\"noreferrer noopener\" href=\"https:\/\/www.youtube.com\/user\/ofzeoh\" target=\"_blank\">YouTubeon<\/a>&nbsp;\u00e9s persze \u00e9rdemes beregisztr\u00e1lni a&nbsp;Facebook <a rel=\"noreferrer noopener\" href=\"https:\/\/fb.me\/e\/3YRGmF2P4\" target=\"_blank\">esem\u00e9nyre<\/a>&nbsp;is, hiszen a koncert k\u00f6zeledt\u00e9vel egyre t\u00f6bb infot fogunk megosztani ezeken a helyeken.<\/p>\n\n\n\n<p><a href=\"https:\/\/www.facebook.com\/hashtag\/egybandaegyhang?__eep__=6&amp;__cft__[0]=AZV2QMD3EYY4L8IU0lTGFZ5ZmUTRNj62Ig-E-wCZeM57btCDRfQCVA2009fnpwngZp9JBFbVIIMPzAhA2E-hBh6ijWzT8ZfC0GgN65a5UA7UoIRgzeE-6TrDktFrH54jpF8&amp;__tn__=q\">#egybandaegyhang<\/a>&nbsp;<a href=\"https:\/\/www.facebook.com\/hashtag\/ofze?__eep__=6&amp;__cft__[0]=AZV2QMD3EYY4L8IU0lTGFZ5ZmUTRNj62Ig-E-wCZeM57btCDRfQCVA2009fnpwngZp9JBFbVIIMPzAhA2E-hBh6ijWzT8ZfC0GgN65a5UA7UoIRgzeE-6TrDktFrH54jpF8&amp;__tn__=q\">#ofze<\/a><\/p>\n","protected":false},"excerpt":{"rendered":"<p>A tavalyi \u00e9vz\u00e1r\u00f3 hangversennyel nagyon magasra tett\u00fck a m\u00e9rc\u00e9t. \u00c9s most arra k\u00e9sz\u00fcl\u00fcnk, hogy \u00e1tugorjuk!<\/p>\n","protected":false},"author":2,"featured_media":3684,"comment_status":"closed","ping_status":"closed","sticky":false,"template":"","format":"standard","meta":{"ngg_post_thumbnail":0,"footnotes":""},"categories":[112],"tags":[6,7,21,78],"_links":{"self":[{"href":"https:\/\/www.ofze.hu\/w\/wp-json\/wp\/v2\/posts\/3682"}],"collection":[{"href":"https:\/\/www.ofze.hu\/w\/wp-json\/wp\/v2\/posts"}],"about":[{"href":"https:\/\/www.ofze.hu\/w\/wp-json\/wp\/v2\/types\/post"}],"author":[{"embeddable":true,"href":"https:\/\/www.ofze.hu\/w\/wp-json\/wp\/v2\/users\/2"}],"replies":[{"embeddable":true,"href":"https:\/\/www.ofze.hu\/w\/wp-json\/wp\/v2\/comments?post=3682"}],"version-history":[{"count":6,"href":"https:\/\/www.ofze.hu\/w\/wp-json\/wp\/v2\/posts\/3682\/revisions"}],"predecessor-version":[{"id":3692,"href":"https:\/\/www.ofze.hu\/w\/wp-json\/wp\/v2\/posts\/3682\/revisions\/3692"}],"wp:featuredmedia":[{"embeddable":true,"href":"https:\/\/www.ofze.hu\/w\/wp-json\/wp\/v2\/media\/3684"}],"wp:attachment":[{"href":"https:\/\/www.ofze.hu\/w\/wp-json\/wp\/v2\/media?parent=3682"}],"wp:term":[{"taxonomy":"category","embeddable":true,"href":"https:\/\/www.ofze.hu\/w\/wp-json\/wp\/v2\/categories?post=3682"},{"taxonomy":"post_tag","embeddable":true,"href":"https:\/\/www.ofze.hu\/w\/wp-json\/wp\/v2\/tags?post=3682"}],"curies":[{"name":"wp","href":"https:\/\/api.w.org\/{rel}","templated":true}]}}