{"id":3753,"date":"2024-07-16T22:15:55","date_gmt":"2024-07-16T20:15:55","guid":{"rendered":"https:\/\/www.ofze.hu\/w\/?p=3753"},"modified":"2024-10-23T16:20:12","modified_gmt":"2024-10-23T14:20:12","slug":"fuvoszene-es-rengeteg-nevetes-ilyen-volt-a-montenegroi-turne","status":"publish","type":"post","link":"https:\/\/www.ofze.hu\/w\/2024\/07\/16\/fuvoszene-es-rengeteg-nevetes-ilyen-volt-a-montenegroi-turne\/","title":{"rendered":"F\u00fav\u00f3szene \u00e9s rengeteg nevet\u00e9s &#8211; ilyen volt a montenegr\u00f3i turn\u00e9"},"content":{"rendered":"\n<p><strong>Csobban\u00e1s a tengerben, haj\u00f3z\u00e1s a kotori \u00f6b\u00f6lben, zene a medenceparton. R\u00f6viden \u00edgy foglalhat\u00f3 \u00f6ssze az Orosh\u00e1zi F\u00fav\u00f3szenekar ny\u00e1ri montenegr\u00f3i turn\u00e9ja. De persze enn\u00e9l sokkal, de sokkal t\u00f6bb minden t\u00f6rt\u00e9nt 2024. j\u00falius\u00e1nak els\u0151 napjaiban.<\/strong><\/p>\n\n\n\n<!--more-->\n\n\n\n<p>T\u00f6bb mint 17 \u00f3ra buszoz\u00e1s ut\u00e1n 2024. j\u00falius 4-\u00e9n a d\u00e9li \u00f3r\u00e1kban \u00e9rkezett meg az Orosh\u00e1zi F\u00fav\u00f3szenekar a Montenegr\u00f3 d\u00e9li r\u00e9sz\u00e9n fekv\u0151 Utjeh\u00e1ba. <br>\u2013 M\u00e1r a sz\u00e1ll\u00e1s megk\u00f6zel\u00edt\u00e9se is kalandos volt, ugyanis a meredek kis utc\u00e1ba nem tudott felmenni az aut\u00f3busz. De a zen\u00e9szek soha nem esnek k\u00e9ts\u00e9gbe: gyalogos hegymenetbe v\u00e1ltottunk \u00e9s magunkkal h\u00faztuk a b\u0151r\u00f6nd\u00f6ket. M\u00e1r ez a kis akci\u00f3 is rengeteg po\u00e9n forr\u00e1sa volt, de a kaptat\u00f3s s\u00e9ta ut\u00e1n a l\u00e1tv\u00e1ny minden\u00e9rt k\u00e1rp\u00f3tolt benn\u00fcnket \u2013 eml\u00e9kszik vissza Kov\u00e1cs P\u00e9ter D\u00e1vid, az Orosh\u00e1zi F\u00fav\u00f3szenekari Egyes\u00fclet eln\u00f6ke.<\/p>\n\n\n\n<iframe loading=\"lazy\" src=\"https:\/\/www.facebook.com\/plugins\/video.php?href=https%3A%2F%2Fwww.facebook.com%2Ffuvoszenekar%2Fvideos%2F7776176625770024%2F&#038;width=500&#038;show_text=true&#038;height=1055&#038;appId\" width=\"500\" height=\"1055\" style=\"border:none;overflow:hidden\" scrolling=\"no\" frameborder=\"0\" allowfullscreen=\"true\" allow=\"autoplay; clipboard-write; encrypted-media; picture-in-picture; web-share\" allowFullScreen=\"true\"><\/iframe>\n\n\n\n<p>A zenekar r\u00e9gen volt m\u00e1r hosszabb turn\u00e9n k\u00fclf\u00f6ld\u00f6n, \u00e9s b\u00e1r id\u00e9n ny\u00e1rra volt megh\u00edv\u00e1sunk Montenegr\u00f3ba, de az rajtunk k\u00edv\u00fcl \u00e1ll\u00f3 okok miatt meghi\u00fasult.<br>\u2013 De ha m\u00e1r eltervezt\u00fck a tengerparti utaz\u00e1st, \u00fagy d\u00f6nt\u00f6tt\u00fcnk, megoldjuk magunk. Azt is elhat\u00e1roztuk, hogy az idei turn\u00e9 els\u0151sorban a pihen\u00e9sr\u0151l sz\u00f3l, ennek f\u00e9ny\u00e9ben szervezt\u00fck a programokat is \u2013 tette hozz\u00e1 Kov\u00e1cs P\u00e9ter D\u00e1vid.<\/p>\n\n\n\n<h2 class=\"wp-block-heading\">Zene a medenceparton, taps az erk\u00e9lyr\u0151l<\/h2>\n\n\n\n<p>Mondhatjuk, az elm\u00falt \u00e9vek teljes\u00edtm\u00e9nye alapj\u00e1n nagyon meg\u00e9rdemelte a zenekar ezt az utaz\u00e1st. \u00cdgy l\u00e1tta ezt karmester\u00fcnk is.<br>\u2013 Az akt\u00edv zen\u00e9l\u00e9s helyett a csapat\u00e9p\u00edt\u00e9sen volt a hangs\u00faly. B\u00e1r a terveinkben k\u00e9t fell\u00e9p\u00e9s szerepelt, a helyi hat\u00f3s\u00e1gokkal \u00e9s programszervez\u0151kkel hossz\u00fa hetek egyeztet\u00e9se ut\u00e1n sem siker\u00fclt megegyezni, \u00edgy ezt elengedt\u00fck \u00e9s a sz\u00e1ll\u00e1sunk terasz\u00e1n adtunk r\u00f6gt\u00f6nz\u00f6tt t\u00e9rzen\u00e9t. Nem is b\u00e1ntuk meg, m\u00e1r az els\u0151 sz\u00e1m alatt kij\u00f6ttek a vend\u00e9gek az erk\u00e9lyekre, hangos tapssal, ov\u00e1ci\u00f3val, f\u00fctty\u00f6g\u00e9ssel jutalmaztak benn\u00fcnket \u00e9s a sz\u00e1ll\u00e1s tulajdonosa is el\u00e9gedetten vide\u00f3zott a medence partj\u00e1r\u00f3l. <\/p>\n\n\n\n<iframe loading=\"lazy\" src=\"https:\/\/www.facebook.com\/plugins\/video.php?href=https%3A%2F%2Fwww.facebook.com%2Ffuvoszenekar%2Fvideos%2F997569578351538%2F&#038;width=500&#038;show_text=false&#038;height=500&#038;appId\" width=\"500\" height=\"500\" style=\"border:none;overflow:hidden\" scrolling=\"no\" frameborder=\"0\" allowfullscreen=\"true\" allow=\"autoplay; clipboard-write; encrypted-media; picture-in-picture; web-share\" allowFullScreen=\"true\"><\/iframe>\n\n\n\n<p>S\u0151t, egy vajdas\u00e1gi magyar \u00fariember oda is j\u00f6tt hozz\u00e1nk a v\u00e9g\u00e9n, \u00e9s felaj\u00e1nlotta, j\u00f6v\u0151re leszervezi nek\u00fcnk a tengerparti turn\u00e9t, annyira j\u00f3k vagyunk. Rem\u00e9lj\u00fck, tartja is a szav\u00e1t \u2013 \u00f6sszegez egy mosoly k\u00eds\u00e9ret\u00e9ben Debreczeni M\u00e1rk.<\/p>\n\n\n\n<h2 class=\"wp-block-heading\">Kir\u00e1ndul\u00e1s, bulihaj\u00f3, nevet\u00e9s<\/h2>\n\n\n\n<p>A zenekar montenegr\u00f3i turn\u00e9j\u00e1t tulajdonk\u00e9ppen ezzel a h\u00e1rom sz\u00f3val is \u00f6ssze lehetne foglalni, de term\u00e9szetesen enn\u00e9l sokkal t\u00f6bb minden t\u00f6rt\u00e9nt vel\u00fcnk. R\u00f6gt\u00f6n a m\u00e1sodik napon a sz\u00e1ll\u00e1shoz k\u00f6zeli Bar v\u00e1ros\u00e1ba utaztunk, ahol megn\u00e9zt\u00fck az ortodox Szent Jovan Vladimir templomot, majd Stari Bar k\u00f6z\u00e9pkori er\u0151dj\u00e9t j\u00e1rtuk be alaposan. <\/p>\n\n\n\n<figure class=\"wp-block-image size-full\"><a href=\"https:\/\/www.ofze.hu\/w\/wp-content\/uploads\/2024\/07\/240705_Szent_Jovan_Vladimir_templom_Bar_montenegro.jpg\"><img loading=\"lazy\" decoding=\"async\" width=\"1500\" height=\"1542\" src=\"https:\/\/www.ofze.hu\/w\/wp-content\/uploads\/2024\/07\/240705_Szent_Jovan_Vladimir_templom_Bar_montenegro.jpg\" alt=\"\" class=\"wp-image-3758\" style=\"aspect-ratio:1;object-fit:cover\" srcset=\"https:\/\/www.ofze.hu\/w\/wp-content\/uploads\/2024\/07\/240705_Szent_Jovan_Vladimir_templom_Bar_montenegro.jpg 1500w, https:\/\/www.ofze.hu\/w\/wp-content\/uploads\/2024\/07\/240705_Szent_Jovan_Vladimir_templom_Bar_montenegro-292x300.jpg 292w, https:\/\/www.ofze.hu\/w\/wp-content\/uploads\/2024\/07\/240705_Szent_Jovan_Vladimir_templom_Bar_montenegro-996x1024.jpg 996w, https:\/\/www.ofze.hu\/w\/wp-content\/uploads\/2024\/07\/240705_Szent_Jovan_Vladimir_templom_Bar_montenegro-768x790.jpg 768w, https:\/\/www.ofze.hu\/w\/wp-content\/uploads\/2024\/07\/240705_Szent_Jovan_Vladimir_templom_Bar_montenegro-1494x1536.jpg 1494w\" sizes=\"(max-width: 1500px) 100vw, 1500px\" \/><\/a><\/figure>\n\n\n\n<p>Harmadnap hossz\u00fa buszoz\u00e1s k\u00f6vetkezett, az \u00fatic\u00e9l Tivat volt, ahol haj\u00f3ra sz\u00e1lltunk. Az els\u0151 meg\u00e1ll\u00f3 a Szirti Madonna Szigete volt, itt megn\u00e9zt\u00fck a csod\u00e1s templomot, majd sokszor t\u00e9nyleg sz\u00e1jt\u00e1tva, a l\u00e9legzetel\u00e1ll\u00edt\u00f3 t\u00e1jat b\u00e1mulva haj\u00f3ztunk be a kotori \u00f6b\u00f6lbe. <\/p>\n\n\n\n<figure class=\"wp-block-image size-large\"><a href=\"https:\/\/www.ofze.hu\/w\/wp-content\/uploads\/2024\/07\/240706_Szirti-Madonna_Sziget-_Kotor_montenegro.jpg\"><img loading=\"lazy\" decoding=\"async\" width=\"1024\" height=\"827\" src=\"https:\/\/www.ofze.hu\/w\/wp-content\/uploads\/2024\/07\/240706_Szirti-Madonna_Sziget-_Kotor_montenegro-1024x827.jpg\" alt=\"\" class=\"wp-image-3760\" srcset=\"https:\/\/www.ofze.hu\/w\/wp-content\/uploads\/2024\/07\/240706_Szirti-Madonna_Sziget-_Kotor_montenegro-1024x827.jpg 1024w, https:\/\/www.ofze.hu\/w\/wp-content\/uploads\/2024\/07\/240706_Szirti-Madonna_Sziget-_Kotor_montenegro-300x242.jpg 300w, https:\/\/www.ofze.hu\/w\/wp-content\/uploads\/2024\/07\/240706_Szirti-Madonna_Sziget-_Kotor_montenegro-768x621.jpg 768w, https:\/\/www.ofze.hu\/w\/wp-content\/uploads\/2024\/07\/240706_Szirti-Madonna_Sziget-_Kotor_montenegro.jpg 1500w\" sizes=\"(max-width: 1024px) 100vw, 1024px\" \/><\/a><\/figure>\n\n\n\n<p>A hatalmas hegyek \u00e9s az \u00f3ri\u00e1si sz\u00e1llodahaj\u00f3k k\u00f6z\u00f6tt elt\u00f6rp\u00fcl\u0151 kis motoros haj\u00f3nkon a hangulat v\u00e9gig kiv\u00e1l\u00f3 volt, legink\u00e1bb a bulihaj\u00f3 kifejez\u00e9s a helyt\u00e1ll\u00f3: sz\u00f3lt a zene mi pedig t\u00e1ncoltunk, montenegr\u00f3i idegenvezet\u0151nk elismer\u00e9s\u00e9t is kiv\u00e1ltva. A kotori \u00f3v\u00e1ros bej\u00e1r\u00e1sa nem volt egyszer\u0171 mutatv\u00e1ny az \u0151r\u00fclt k\u00e1nikul\u00e1ban, azonban a t\u00f6rt\u00e9nelmi \u00e9p\u00fcletek \u00e9s a hangulatos utc\u00e1csk\u00e1k hangulata elviselhet\u0151v\u00e9 tette a forr\u00f3s\u00e1got.<\/p>\n\n\n\n<p>Mindezek k\u00f6z\u00f6tt pedig f\u00fcrd\u0151z\u00e9s az Adriai tenger h\u0171s (n\u00e9melyeknek hideg) viz\u00e9ben \u00e9s napoz\u00e1s a kavicsos tengerparton.<\/p>\n\n\n\n<p>\u00c9s hogy mi a turn\u00e9 \u00f6sszegz\u00e9se? Eszm\u00e9letlen mennyis\u00e9g\u0171 po\u00e9n, rengeteg nevet\u00e9s, sok sok k\u00f6z\u00f6s \u00e9lm\u00e9ny fiatal \u00e9s id\u0151sebb zen\u00e9sznek egyar\u00e1nt, \u00e9s az eddigin\u00e9l is jobban \u00f6sszetart\u00f3 zenekar.<\/p>\n\n\n\n<blockquote class=\"wp-block-quote is-layout-flow wp-block-quote-is-layout-flow\">\n<p>Az Orosh\u00e1zi F\u00fav\u00f3szenekar 2024-ben \u00fcnnepli alap\u00edt\u00e1s\u00e1nak 95. \u00e9vfordul\u00f3j\u00e1t. A montenegr\u00f3i turn\u00e9ra pedig t\u00f6k\u00e9letesen r\u00e1illett jelszavunk: #egybandaegyhang<\/p>\n<\/blockquote>\n\n\n\n<p>M\u00e9g t\u00f6bb fot\u00f3 \u00e9s vide\u00f3 <a href=\"https:\/\/www.facebook.com\/media\/set?vanity=fuvoszenekar&amp;set=a.1026335639349419\" target=\"_blank\" rel=\"noreferrer noopener\">ide kattintva<\/a>, a zenekar Facebook oldal\u00e1n.<\/p>\n\n\n\n<p><em>\u00d3ri\u00e1si k\u00f6sz\u00f6nettel tartozunk Paraczky L\u00e1szl\u00f3nak, aki Orosh\u00e1za vajdas\u00e1gi testv\u00e9rv\u00e1ros\u00e1ban, Szenttam\u00e1son \u00fajs\u00e1g\u00edr\u00f3. Laci az utaz\u00e1s el\u0151tti hetekben ell\u00e1tta a csapatot tan\u00e1csokkal, leford\u00edtotta szerbre a hivatalos megkeres\u00e9seket, kapcsolatrendszer\u00e9n kereszt\u00fcl elint\u00e9zte, hogy Bar v\u00e1ros\u00e1ban helyi idegenvezet\u0151t kapjunk \u00e9s b\u00e1rmi megoldand\u00f3 probl\u00e9m\u00e1nk volt, h\u00edvtuk \u00e9s a t\u00e1volb\u00f3l int\u00e9zkedett.<\/em><\/p>\n\n\n\n<p><em>Sz\u00f6veg: Melega Kriszti\u00e1n<\/em><br><em>K\u00e9pek: Orosh\u00e1zi F\u00fav\u00f3szenekar<\/em><\/p>\n","protected":false},"excerpt":{"rendered":"<p>De persze enn\u00e9l sokkal, de sokkal t\u00f6bb minden t\u00f6rt\u00e9nt 2024. j\u00falius\u00e1nak els\u0151 napjaiban.<\/p>\n","protected":false},"author":2,"featured_media":3754,"comment_status":"closed","ping_status":"closed","sticky":false,"template":"","format":"standard","meta":{"ngg_post_thumbnail":0,"footnotes":""},"categories":[3],"tags":[121,15],"_links":{"self":[{"href":"https:\/\/www.ofze.hu\/w\/wp-json\/wp\/v2\/posts\/3753"}],"collection":[{"href":"https:\/\/www.ofze.hu\/w\/wp-json\/wp\/v2\/posts"}],"about":[{"href":"https:\/\/www.ofze.hu\/w\/wp-json\/wp\/v2\/types\/post"}],"author":[{"embeddable":true,"href":"https:\/\/www.ofze.hu\/w\/wp-json\/wp\/v2\/users\/2"}],"replies":[{"embeddable":true,"href":"https:\/\/www.ofze.hu\/w\/wp-json\/wp\/v2\/comments?post=3753"}],"version-history":[{"count":6,"href":"https:\/\/www.ofze.hu\/w\/wp-json\/wp\/v2\/posts\/3753\/revisions"}],"predecessor-version":[{"id":3763,"href":"https:\/\/www.ofze.hu\/w\/wp-json\/wp\/v2\/posts\/3753\/revisions\/3763"}],"wp:featuredmedia":[{"embeddable":true,"href":"https:\/\/www.ofze.hu\/w\/wp-json\/wp\/v2\/media\/3754"}],"wp:attachment":[{"href":"https:\/\/www.ofze.hu\/w\/wp-json\/wp\/v2\/media?parent=3753"}],"wp:term":[{"taxonomy":"category","embeddable":true,"href":"https:\/\/www.ofze.hu\/w\/wp-json\/wp\/v2\/categories?post=3753"},{"taxonomy":"post_tag","embeddable":true,"href":"https:\/\/www.ofze.hu\/w\/wp-json\/wp\/v2\/tags?post=3753"}],"curies":[{"name":"wp","href":"https:\/\/api.w.org\/{rel}","templated":true}]}}