{"id":3779,"date":"2024-10-23T19:48:04","date_gmt":"2024-10-23T17:48:04","guid":{"rendered":"https:\/\/www.ofze.hu\/w\/?p=3779"},"modified":"2024-12-09T21:15:32","modified_gmt":"2024-12-09T20:15:32","slug":"34-szilveszteri-hangverseny-ismet-a-sportcsarnokban","status":"publish","type":"post","link":"https:\/\/www.ofze.hu\/w\/2024\/10\/23\/34-szilveszteri-hangverseny-ismet-a-sportcsarnokban\/","title":{"rendered":"34. Szilveszteri hangverseny &#8211; ism\u00e9t a sportcsarnokban"},"content":{"rendered":"\n<p><strong>Tulajdonk\u00e9ppen m\u00e1r h\u00f3napok \u00f3ta erre, az \u00e9v legnagyobb orosh\u00e1zi hangverseny\u00e9re k\u00e9sz\u00fcl\u00fcnk<\/strong>.<strong> Azt, hogy mit j\u00e1tszunk m\u00e1r tudjuk, de egyel\u0151re nem \u00e1ruljuk el. Na j\u00f3, kis \u00edzel\u00edt\u0151t az\u00e9rt adunk annak, aki v\u00e9gigolvassa ezt a posztot. \u00c9s emellett azt is megtudhatja bel\u0151le, mikor \u00e9s mennyi\u00e9rt lehet jegyet venni&#8230; \u00c9s a legfontosabb majdnem kimaradt: ez lesz a 95 \u00e9ves sz\u00fclinapi koncert\u00fcnk!<\/strong><\/p>\n\n\n\n<!--more-->\n\n\n\n<p>A 2023-as esztend\u0151 komoly sikereket hozott a zenekarnak, ezt bizony\u00edtja a tavalyi Szilveszteri hangverseny is.<\/p>\n\n\n\n<figure class=\"wp-block-embed is-type-video is-provider-youtube wp-block-embed-youtube wp-embed-aspect-16-9 wp-has-aspect-ratio\"><div class=\"wp-block-embed__wrapper\">\n<iframe loading=\"lazy\" title=\"33. Szilveszteri hangverseny - 2023. december 29. (Orosh\u00e1zi F\u00fav\u00f3szenekar)\" width=\"500\" height=\"281\" src=\"https:\/\/www.youtube.com\/embed\/WX5YCDxILHw?feature=oembed\" frameborder=\"0\" allow=\"accelerometer; autoplay; clipboard-write; encrypted-media; gyroscope; picture-in-picture; web-share\" referrerpolicy=\"strict-origin-when-cross-origin\" allowfullscreen><\/iframe>\n<\/div><\/figure>\n\n\n\n<p>Id\u00e9n persze mindezt megpr\u00f3b\u00e1ljuk m\u00e9g tov\u00e1bb fokozni m\u00e1r csak annak ok\u00e1n is, hogy 2024-ben \u00fcnneplj\u00fck a zenekar fenn\u00e1ll\u00e1s\u00e1nak 95. \u00e9vfordul\u00f3j\u00e1t. Bizony, 1929-ben alap\u00edtott\u00e1k meg el\u0151deink a zenekart, <a href=\"https:\/\/www.ofze.hu\/w\/tortenetunk\/\" target=\"_blank\" rel=\"noreferrer noopener\">az\u00f3ta van szervezett f\u00fav\u00f3szene Orosh\u00e1z\u00e1n<\/a>.<\/p>\n\n\n\n<h2 class=\"wp-block-heading\">Indul a jegy\u00e9rt\u00e9kes\u00edt\u00e9s<\/h2>\n\n\n\n<p>Az elm\u00falt n\u00e9h\u00e1ny \u00e9vben mi is csak kapkodtuk a fej\u00fcnket, milyen gyorsan elfogytak a bel\u00e9p\u0151k az \u00e9vz\u00e1r\u00f3 koncert\u00fcnkre. <s>Ez\u00e9rt \u00fagy d\u00f6nt\u00f6tt\u00fcnk, el\u0151rehozzuk a jegy\u00e9rt\u00e9kes\u00edt\u00e9s kezdet\u00e9t, hogy mindenkinek legyen ideje megv\u00e1s\u00e1rolni a bel\u00e9p\u0151ket, \u00e9s ne kelljen hosszan sorban \u00e1llni a jegyp\u00e9nzt\u00e1rn\u00e1l.<\/s><\/p>\n\n\n\n<p>\u00c9s ez most sem volt m\u00e1sk\u00e9nt, hisz december elej\u00e9n m\u00e1r elfogyott az \u00f6sszes \u00fcl\u0151hely. <br><strong>Azonban \u00e1ll\u00f3jegyeket m\u00e9g lehet kapni a PMK jegyp\u00e9nzt\u00e1r\u00e1ban 2024. december 18-a, szerda 17 \u00f3r\u00e1ig.<\/strong> <strong>Ezt k\u00f6vet\u0151en m\u00e1r csak a koncert napj\u00e1n a helysz\u00ednen lehet bel\u00e9p\u0151t v\u00e1ltani.<\/strong><\/p>\n\n\n\n<figure class=\"wp-block-image size-large\"><a href=\"https:\/\/www.ofze.hu\/w\/wp-content\/uploads\/2024\/12\/2024_12_27-ofze-1x1-elfogyott-arany_34.Szilveszteri.png\"><img loading=\"lazy\" decoding=\"async\" width=\"1024\" height=\"1024\" src=\"https:\/\/www.ofze.hu\/w\/wp-content\/uploads\/2024\/12\/2024_12_27-ofze-1x1-elfogyott-arany_34.Szilveszteri-1024x1024.png\" alt=\"\" class=\"wp-image-3792\" srcset=\"https:\/\/www.ofze.hu\/w\/wp-content\/uploads\/2024\/12\/2024_12_27-ofze-1x1-elfogyott-arany_34.Szilveszteri-1024x1024.png 1024w, https:\/\/www.ofze.hu\/w\/wp-content\/uploads\/2024\/12\/2024_12_27-ofze-1x1-elfogyott-arany_34.Szilveszteri-300x300.png 300w, https:\/\/www.ofze.hu\/w\/wp-content\/uploads\/2024\/12\/2024_12_27-ofze-1x1-elfogyott-arany_34.Szilveszteri-150x150.png 150w, https:\/\/www.ofze.hu\/w\/wp-content\/uploads\/2024\/12\/2024_12_27-ofze-1x1-elfogyott-arany_34.Szilveszteri-768x768.png 768w, https:\/\/www.ofze.hu\/w\/wp-content\/uploads\/2024\/12\/2024_12_27-ofze-1x1-elfogyott-arany_34.Szilveszteri-560x560.png 560w, https:\/\/www.ofze.hu\/w\/wp-content\/uploads\/2024\/12\/2024_12_27-ofze-1x1-elfogyott-arany_34.Szilveszteri.png 1080w\" sizes=\"(max-width: 1024px) 100vw, 1024px\" \/><\/a><\/figure>\n\n\n\n<blockquote class=\"wp-block-quote is-layout-flow wp-block-quote-is-layout-flow\">\n<p>A t\u00e1mogat\u00f3i jegyek el\u0151v\u00e9telben 2024. okt\u00f3ber 30-a, szerda 9 \u00f3r\u00e1t\u00f3l a Pet\u0151fi M\u0171vel\u0151d\u00e9si K\u00f6zpont jegyp\u00e9nzt\u00e1r\u00e1ban v\u00e1s\u00e1rolhat\u00f3k meg.<br>Jegy\u00e1rak: 2000 Ft (\u00e1ll\u00f3jegy) 3500 Ft, 4000 Ft<\/p>\n<\/blockquote>\n\n\n\n<p><em>A PMK Orosh\u00e1za jegyp\u00e9nzt\u00e1r\u00e1nak nyitvatart\u00e1sa:<br>H\u00e9tf\u0151: 8:00-12:00; 12:30-16:30<br>Szerda: 9:00-12:00; 12:30-17:30<br>P\u00e9ntek: 8:00-15:00<br><strong>(A jegyv\u00e1s\u00e1rl\u00e1sn\u00e1l bankk\u00e1rty\u00e1t nem fogadnak el, kiz\u00e1r\u00f3lag k\u00e9szp\u00e9nzes fizet\u00e9s lehets\u00e9ges!)<\/strong><\/em><\/p>\n\n\n\n<h2 class=\"wp-block-heading\">R\u00e9gi zen\u00e9k, \u00faj zen\u00e9k &#8211; j\u00f3 zen\u00e9k<\/h2>\n\n\n\n<p>Az \u00edr\u00e1s elej\u00e9n \u00edg\u00e9rt\u00fck, \u00edzel\u00edt\u0151t adunk abb\u00f3l, mit lehet majd hallani. Innent\u0151l a sz\u00f3 a karmester\u00e9.<br>\u2013 Minden \u00e9vben a szilveszteri hangversenyre k\u00e9sz\u00fcl\u00fcnk a legt\u00f6bbet. A ny\u00e1r el\u0151tti pr\u00f3b\u00e1kra m\u00e1r \u00fagy hozom az \u00faj zen\u00e9ket, hogy azok j\u00f3k legyenek decemberben is. K\u00fcl\u00f6n szeretem, hogy a szilveszteri hangversenyen nincs st\u00edlusbeli k\u00f6t\u00f6tts\u00e9g, teh\u00e1t v\u00e1logathatok a templomi hangversenyen elhangzott komolyzen\u00e9k k\u00f6z\u00fcl, illetve hozhatom a ny\u00e1ri muzsik\u00e1l\u00e1sok k\u00f6nny\u0171zenei hangulat\u00e1t. Fogunk j\u00e1tszani filmzen\u00e9ket, mint pl. a Farkasokkal t\u00e1ncol\u00f3, vagy a Tom Hanks f\u0151szerepl\u00e9s\u00e9vel futott Termin\u00e1l c\u00edm\u0171 film zen\u00e9je. De meghallgattatj\u00e1k zen\u00e9be foglalva Jacob de Haan Holland zeneszerz\u0151t\u0151l, hogyan k\u00e9pzelj\u00fcnk el egy h\u00e1bor\u00fak n\u00e9lk\u00fcli vil\u00e1got. Kitekint\u00fcnk a blues ir\u00e1ny\u00e1ba, Brahms magyar t\u00e1ncaira a n\u00e9pt\u00e1ncosok tanulj\u00e1k a koreogr\u00e1fi\u00e1t, lesznek katonaindul\u00f3k, amire a mazsorettesek k\u00e9sz\u00fclnek \u00e9s term\u00e9szetesen az est m\u00e1sodik fel\u00e9ben a k\u00f6nny\u0171zen\u00e9kkel \u00e1tadjuk a teret az \u00f6nfeledt sz\u00f3rakoz\u00e1snak.&nbsp;\u00c9s ahogy m\u00e1r h\u00f3napokkal ezel\u0151tt jelezt\u00fck a fin\u00e1l\u00e9 kapcs\u00e1n: 2022-ben <a href=\"https:\/\/www.youtube.com\/watch?v=yBRJRxYpzQk\">rep\u00fclt\u00fcnk<\/a>, 2023-ban <a href=\"https:\/\/www.youtube.com\/watch?v=NThi64W47y8\">vonatoztunk<\/a>. Id\u00e9n pedig haj\u00f3zni fogunk &#8211; hogy pontosan mire, maradjon meglepet\u00e9s \u2013 z\u00e1rta Debreczeni M\u00e1rk.<\/p>\n\n\n\n<figure class=\"wp-block-image size-large\"><a href=\"https:\/\/www.ofze.hu\/w\/wp-content\/uploads\/2024\/10\/241022_34_szilveszteri_hangverseny_cover.jpg\"><img loading=\"lazy\" decoding=\"async\" width=\"1024\" height=\"536\" src=\"https:\/\/www.ofze.hu\/w\/wp-content\/uploads\/2024\/10\/241022_34_szilveszteri_hangverseny_cover-1024x536.jpg\" alt=\"\" class=\"wp-image-3780\" srcset=\"https:\/\/www.ofze.hu\/w\/wp-content\/uploads\/2024\/10\/241022_34_szilveszteri_hangverseny_cover-1024x536.jpg 1024w, https:\/\/www.ofze.hu\/w\/wp-content\/uploads\/2024\/10\/241022_34_szilveszteri_hangverseny_cover-300x157.jpg 300w, https:\/\/www.ofze.hu\/w\/wp-content\/uploads\/2024\/10\/241022_34_szilveszteri_hangverseny_cover-768x402.jpg 768w, https:\/\/www.ofze.hu\/w\/wp-content\/uploads\/2024\/10\/241022_34_szilveszteri_hangverseny_cover.jpg 1200w\" sizes=\"(max-width: 1024px) 100vw, 1024px\" \/><\/a><\/figure>\n\n\n\n<figure class=\"wp-block-image size-large\"><a href=\"https:\/\/www.ofze.hu\/w\/wp-content\/uploads\/2024\/10\/241022_34_szilveszteri_hangverseny_fellepok.jpg\"><img loading=\"lazy\" decoding=\"async\" width=\"1024\" height=\"281\" src=\"https:\/\/www.ofze.hu\/w\/wp-content\/uploads\/2024\/10\/241022_34_szilveszteri_hangverseny_fellepok-1024x281.jpg\" alt=\"\" class=\"wp-image-3781\" srcset=\"https:\/\/www.ofze.hu\/w\/wp-content\/uploads\/2024\/10\/241022_34_szilveszteri_hangverseny_fellepok-1024x281.jpg 1024w, https:\/\/www.ofze.hu\/w\/wp-content\/uploads\/2024\/10\/241022_34_szilveszteri_hangverseny_fellepok-300x82.jpg 300w, https:\/\/www.ofze.hu\/w\/wp-content\/uploads\/2024\/10\/241022_34_szilveszteri_hangverseny_fellepok-768x210.jpg 768w, https:\/\/www.ofze.hu\/w\/wp-content\/uploads\/2024\/10\/241022_34_szilveszteri_hangverseny_fellepok.jpg 1080w\" sizes=\"(max-width: 1024px) 100vw, 1024px\" \/><\/a><\/figure>\n\n\n\n<p>Aki szeretne naprak\u00e9sz lenni, hogyan \u00e1llnak az el\u0151k\u00e9sz\u00fcletek, mik lesznek a csarnokba jut\u00e1s tudnival\u00f3i \u00e9s nem utols\u00f3 sorban, mit fogunk majd j\u00e1tszani, k\u00f6vessen be minket a&nbsp;<a href=\"https:\/\/www.facebook.com\/fuvoszenekar\" target=\"_blank\" rel=\"noreferrer noopener\">Facebookon<\/a>,&nbsp;<a href=\"https:\/\/www.instagram.com\/ofzeoh\/\" target=\"_blank\" rel=\"noreferrer noopener\">Instagramon<\/a>,&nbsp;<a href=\"https:\/\/twitter.com\/ofze\" target=\"_blank\" rel=\"noreferrer noopener\">X-en<\/a>,&nbsp;<a href=\"https:\/\/www.youtube.com\/user\/ofzeoh\" target=\"_blank\" rel=\"noreferrer noopener\">YouTubeon<\/a>&nbsp;\u00e9s persze \u00e9rdemes beregisztr\u00e1lni a&nbsp;Facebook <a href=\"https:\/\/fb.me\/e\/2gEb1G2S9\" target=\"_blank\" rel=\"noreferrer noopener\">esem\u00e9nyre<\/a>&nbsp;is, hiszen a koncert k\u00f6zeledt\u00e9vel egyre t\u00f6bb inf\u00f3t fogunk megosztani ezeken a helyeken.<\/p>\n\n\n\n<p><a href=\"https:\/\/www.facebook.com\/hashtag\/egybandaegyhang?__eep__=6&amp;__cft__[0]=AZV2QMD3EYY4L8IU0lTGFZ5ZmUTRNj62Ig-E-wCZeM57btCDRfQCVA2009fnpwngZp9JBFbVIIMPzAhA2E-hBh6ijWzT8ZfC0GgN65a5UA7UoIRgzeE-6TrDktFrH54jpF8&amp;__tn__=q\">#egybandaegyhang<\/a>&nbsp;<a href=\"https:\/\/www.facebook.com\/hashtag\/ofze?__eep__=6&amp;__cft__[0]=AZV2QMD3EYY4L8IU0lTGFZ5ZmUTRNj62Ig-E-wCZeM57btCDRfQCVA2009fnpwngZp9JBFbVIIMPzAhA2E-hBh6ijWzT8ZfC0GgN65a5UA7UoIRgzeE-6TrDktFrH54jpF8&amp;__tn__=q\">#ofze95<\/a><\/p>\n","protected":false},"excerpt":{"rendered":"<p>\u00cdrjuk, mikor, hol \u00e9s mennyi\u00e9rt lehet jegyet venni \u00e9s hogy miket j\u00e1tszunk.<\/p>\n","protected":false},"author":2,"featured_media":3782,"comment_status":"closed","ping_status":"","sticky":false,"template":"","format":"standard","meta":{"ngg_post_thumbnail":0,"footnotes":""},"categories":[112],"tags":[6,7,21,78,35],"_links":{"self":[{"href":"https:\/\/www.ofze.hu\/w\/wp-json\/wp\/v2\/posts\/3779"}],"collection":[{"href":"https:\/\/www.ofze.hu\/w\/wp-json\/wp\/v2\/posts"}],"about":[{"href":"https:\/\/www.ofze.hu\/w\/wp-json\/wp\/v2\/types\/post"}],"author":[{"embeddable":true,"href":"https:\/\/www.ofze.hu\/w\/wp-json\/wp\/v2\/users\/2"}],"replies":[{"embeddable":true,"href":"https:\/\/www.ofze.hu\/w\/wp-json\/wp\/v2\/comments?post=3779"}],"version-history":[{"count":7,"href":"https:\/\/www.ofze.hu\/w\/wp-json\/wp\/v2\/posts\/3779\/revisions"}],"predecessor-version":[{"id":3793,"href":"https:\/\/www.ofze.hu\/w\/wp-json\/wp\/v2\/posts\/3779\/revisions\/3793"}],"wp:featuredmedia":[{"embeddable":true,"href":"https:\/\/www.ofze.hu\/w\/wp-json\/wp\/v2\/media\/3782"}],"wp:attachment":[{"href":"https:\/\/www.ofze.hu\/w\/wp-json\/wp\/v2\/media?parent=3779"}],"wp:term":[{"taxonomy":"category","embeddable":true,"href":"https:\/\/www.ofze.hu\/w\/wp-json\/wp\/v2\/categories?post=3779"},{"taxonomy":"post_tag","embeddable":true,"href":"https:\/\/www.ofze.hu\/w\/wp-json\/wp\/v2\/tags?post=3779"}],"curies":[{"name":"wp","href":"https:\/\/api.w.org\/{rel}","templated":true}]}}