{"id":3794,"date":"2024-12-30T20:05:08","date_gmt":"2024-12-30T19:05:08","guid":{"rendered":"https:\/\/www.ofze.hu\/w\/?p=3794"},"modified":"2025-01-19T21:18:31","modified_gmt":"2025-01-19T20:18:31","slug":"ujra-itt-a-batyus-bal","status":"publish","type":"post","link":"https:\/\/www.ofze.hu\/w\/2024\/12\/30\/ujra-itt-a-batyus-bal\/","title":{"rendered":"\u00dajra itt a Batyus b\u00e1l"},"content":{"rendered":"\n<p><strong>Ha j\u00f6tt\u00f6k lesztek, ha hoztok esztek!&nbsp;Imm\u00e1r 23. alkalommal haszn\u00e1lhatjuk Orosh\u00e1za legr\u00e9gebbi, leghangulatosabb \u00e9s leglaz\u00e1bb b\u00e1lj\u00e1nak jelmondat\u00e1t. A helysz\u00edn ez\u00fattal is a Sz\u00e9k\u00e1cs evang\u00e9likus iskola d\u00edszterme, ahol a hangulat garant\u00e1ltan a j\u00f3l megszokott lesz, f\u0151leg, hogy kiz\u00e1r\u00f3lag \u00e9l\u0151zene sz\u00f3l majd eg\u00e9sz \u00e9jjel. \u00cdrjuk, hol lehet jegyet venni!<\/strong><\/p>\n\n\n\n<!--more-->\n\n\n\n<p>Adott teh\u00e1t v\u00e1rosunk legr\u00e9gebbi b\u00e1lja, amit mi, f\u00fav\u00f3sok imm\u00e1r \u00f6t\u00f6dik alkalommal <a href=\"http:\/\/www.ofze.hu\/w\/2018\/11\/14\/a-fuvosok-viszik-tovabb-a-nepszeru-batyus-balat\/\">szervez\u00fcnk<\/a> a b\u00e1l alap\u00edt\u00f3ja, a N\u00e9met Nemzetis\u00e9gi \u00d6nkorm\u00e1nyzat t\u00e1mogat\u00e1s\u00e1val. \u00cdgy h\u00e1t \u00fajra meg lehet t\u00f6lteni a kosarakat elem\u00f3zsi\u00e1val \u00e9s italokkal, hiszen 2024. janu\u00e1r 25-\u00e9n j\u00f6n a 23. Batyus B\u00e1l.<\/p>\n\n\n\n<figure class=\"wp-block-image size-large\"><a href=\"https:\/\/www.ofze.hu\/w\/wp-content\/uploads\/2024\/12\/241230_23.Batyus_bal.jpg\"><img loading=\"lazy\" decoding=\"async\" width=\"1024\" height=\"1024\" src=\"https:\/\/www.ofze.hu\/w\/wp-content\/uploads\/2024\/12\/241230_23.Batyus_bal-1024x1024.jpg\" alt=\"\" class=\"wp-image-3795\" srcset=\"https:\/\/www.ofze.hu\/w\/wp-content\/uploads\/2024\/12\/241230_23.Batyus_bal-1024x1024.jpg 1024w, https:\/\/www.ofze.hu\/w\/wp-content\/uploads\/2024\/12\/241230_23.Batyus_bal-300x300.jpg 300w, https:\/\/www.ofze.hu\/w\/wp-content\/uploads\/2024\/12\/241230_23.Batyus_bal-150x150.jpg 150w, https:\/\/www.ofze.hu\/w\/wp-content\/uploads\/2024\/12\/241230_23.Batyus_bal-768x768.jpg 768w, https:\/\/www.ofze.hu\/w\/wp-content\/uploads\/2024\/12\/241230_23.Batyus_bal-560x560.jpg 560w, https:\/\/www.ofze.hu\/w\/wp-content\/uploads\/2024\/12\/241230_23.Batyus_bal.jpg 1080w\" sizes=\"(max-width: 1024px) 100vw, 1024px\" \/><\/a><\/figure>\n\n\n\n<p>Aki fent van Facebookon, az <a href=\"https:\/\/fb.me\/e\/auYdtLGc1\" data-type=\"URL\" data-id=\"https:\/\/fb.me\/e\/8wxLZkhTT\" target=\"_blank\" rel=\"noreferrer noopener\">itt tud bejelentkezni<\/a> az esem\u00e9nyre. \u00c9rdemes, mert itt osztjuk meg a legfontosabb inf\u00f3kat a b\u00e1loz\u00f3kkal.<\/p>\n\n\n\n<p>\u00c9s hogy mi\u00e9rt batyus? Mert nincs egys\u00e9ges vacsora, mindenki azt eszik \u00e9s iszik, amit mag\u00e1val hoz a batyuj\u00e1ban. Aki m\u00e9g nem volt ilyen b\u00e1lban, \u00e9rdemes kipr\u00f3b\u00e1lnia: a legnagyobb buli, amikor az otthon s\u00fct\u00f6tt finoms\u00e1got k\u00f3stoltatod a t\u00f6bbi b\u00e1li vend\u00e9ggel \u00e9s az sem gond, ha az igazi &#8220;foly\u00e9kony hazai&#8221; is el\u0151ker\u00fcl.<\/p>\n\n\n\n<h2 class=\"wp-block-heading\">\u00c9l\u0151zene minden mennyis\u00e9gben<\/h2>\n\n\n\n<p>F\u00fav\u00f3szenekark\u00e9nt mindig, minden k\u00f6r\u00fclm\u00e9nyek k\u00f6z\u00f6tt \u00e9l\u0151ben j\u00e1tszunk, \u00e9s ragaszkodunk is ahhoz, hogy a talpal\u00e1val\u00f3t is egy party zenekar, jelen esetben a <a href=\"https:\/\/www.facebook.com\/mediterranzenekar\">Mediterr\u00e1n zenekar<\/a> szolg\u00e1ltassa. Mindef\u00e9le st\u00edlusban otthonosan mozognak, mindenki megtal\u00e1lja majd a kedv\u00e9re val\u00f3 zen\u00e9t.<\/p>\n\n\n\n<p>Az ajt\u00f3kat 18 \u00f3rakor nyitjuk, a 19 \u00f3r\u00e1si hivatalos kezd\u00e9s ut\u00e1n pedig el\u0151szedj\u00fck a f\u00fav\u00f3s \u00e9s \u00fct\u0151s hangszereket \u00e9s zen\u00e9l\u00fcnk a vend\u00e9geknek a vacsora alatt. Ezut\u00e1n pedig j\u00f6het a buli!<\/p>\n\n\n\n<h2 class=\"wp-block-heading\">Jegyek \u00e9s asztalfoglal\u00e1s el\u0151v\u00e9telben<\/h2>\n\n\n\n<p>A bel\u00e9p\u0151d\u00edj 5000 Ft\/f\u0151, ami\u00e9rt minden vend\u00e9g n\u00e9vre sz\u00f3l\u00f3 helyet kap. (Bel\u00e9p\u0151t a 14 \u00e9v alatti gyermekeknek nem kell v\u00e1ltani, de a r\u00e9szv\u00e9tel\u00fcket jelezni kell!)<\/p>\n\n\n\n<ul>\n<li>Podmaniczkin\u00e9 Szegi Katalin (+36 20 380 8806)<\/li>\n<\/ul>\n\n\n\n<h3 class=\"wp-block-heading\">A tombol\u00e1ra felaj\u00e1nl\u00e1sokat sz\u00edvesen fogadunk!<\/h3>\n\n\n\n<p>Akinek nincs ideje\/kedve f\u0151zni, annak aj\u00e1nlunk k\u00e9t remek lehet\u0151s\u00e9get.<\/p>\n\n\n\n<h2 class=\"wp-block-heading\">Az orosh\u00e1zi La&#8217; Rosa Pizz\u00e9ria \u00e9s \u00c9tterem aj\u00e1nlata<\/h2>\n\n\n\n<p><strong>S\u00fcltest\u00e1l &#8211; 4.500 Ft\/f\u0151&nbsp;<\/strong><\/p>\n\n\n\n<ul>\n<li>H\u00e1zi bazsalikomos ricott\u00e1val t\u00f6lt\u00f6tt csirkemell baconban g\u00f6ngy\u00f6lve<\/li>\n\n\n\n<li>Sajttal sonk\u00e1val t\u00f6lt\u00f6tt karaj Pank\u00f3 morzs\u00e1ban<\/li>\n\n\n\n<li>Szez\u00e1mmagos r\u00e1ntott trappista sajt &nbsp;&nbsp;<\/li>\n\n\n\n<li>Vajas t\u00f6rtburgonya<\/li>\n\n\n\n<li>Rizi-bizi<\/li>\n\n\n\n<li>Jalap\u00e9nos majon\u00e9z m\u00e1rtogat\u00f3s<\/li>\n<\/ul>\n\n\n\n<p>Az aj\u00e1nlat a rendezv\u00e9nyen megter\u00edtve, kisz\u00e1ll\u00edtva, melegen felszolg\u00e1lva \u00e9rtend\u0151!<\/p>\n\n\n\n<p>\u00c9rdekl\u0151dni \u00e9s rendelni lehet az Orosh\u00e1za, D\u00f3zsa Gy\u00f6rgy u. 24. sz\u00e1m alatt vagy a +36 30 526 9911-es telefonsz\u00e1mon.<\/p>\n\n\n\n<h2 class=\"wp-block-heading\">A D\u00f3zsa Gy\u00f6rgy utcai R\u00e9tesbolt \u00e9s K\u00e1v\u00e9z\u00f3 Batyus B\u00e1l ihlette aj\u00e1nlata&nbsp;&nbsp;<\/h2>\n\n\n\n<p>Talc\u00e1ra k\u00e9sz\u00edtj\u00fck kedvenc s\u00fctijeit \u00e9s ki is sz\u00e1ll\u00edtjuk azokat!<\/p>\n\n\n\n<p>Aj\u00e1nljuk:<\/p>\n\n\n\n<ul>\n<li>Szeletes s\u00fctem\u00e9nyeinket falatnyi m\u00e9retben<\/li>\n\n\n\n<li>R\u00e9tes v\u00e1logat\u00e1sunk&nbsp;<\/li>\n\n\n\n<li>A koccint\u00e1sok k\u00f6z\u00e9 pog\u00e1cs\u00e1inkat \u00e9s s\u00f6rkorcsoly\u00e1inkat<\/li>\n<\/ul>\n\n\n\n<p>Sz\u00e9p k\u00e1rty\u00e1t elfogadunk!<\/p>\n\n\n\n<p>\u00c9rdekl\u0151dni \u00e9s rendelni lehet a 06 68\/ 412-749-es telefonsz\u00e1mon, a <a href=\"mailto:retesbolt.oroshaza@gmail.com\">retesbolt.oroshaza@gmail.com<\/a> email c\u00edmen vagy a Facebookon:<a href=\"http:\/\/www.facebook.com\/retesbolt\"> www.facebook.com\/retesbolt<\/a><\/p>\n\n\n\n<p>A b\u00e1l h\u00e9tv\u00e9g\u00e9j\u00e9n a fenti finoms\u00e1gok megv\u00e1s\u00e1rolhat\u00f3k a R\u00e9tesboltban is.<\/p>\n\n\n\n<p>V\u00e1runk Orosh\u00e1za legr\u00e9gebbi b\u00e1lj\u00e1ban janu\u00e1r 25-\u00e9n, szombaton!<\/p>\n\n\n\n<p>#egybandaegyhang #ofze<\/p>\n","protected":false},"excerpt":{"rendered":"<p>Ha j\u00f6tt\u00f6k lesztek, ha hoztok esztek!<br \/>\nLegyetek ott Orosh\u00e1za leglaz\u00e1bb \u00e9s egyetlen \u00e9l\u0151zen\u00e9s b\u00e1lj\u00e1n!<\/p>\n","protected":false},"author":2,"featured_media":3796,"comment_status":"closed","ping_status":"","sticky":false,"template":"","format":"standard","meta":{"ngg_post_thumbnail":0,"footnotes":""},"categories":[5],"tags":[105],"_links":{"self":[{"href":"https:\/\/www.ofze.hu\/w\/wp-json\/wp\/v2\/posts\/3794"}],"collection":[{"href":"https:\/\/www.ofze.hu\/w\/wp-json\/wp\/v2\/posts"}],"about":[{"href":"https:\/\/www.ofze.hu\/w\/wp-json\/wp\/v2\/types\/post"}],"author":[{"embeddable":true,"href":"https:\/\/www.ofze.hu\/w\/wp-json\/wp\/v2\/users\/2"}],"replies":[{"embeddable":true,"href":"https:\/\/www.ofze.hu\/w\/wp-json\/wp\/v2\/comments?post=3794"}],"version-history":[{"count":5,"href":"https:\/\/www.ofze.hu\/w\/wp-json\/wp\/v2\/posts\/3794\/revisions"}],"predecessor-version":[{"id":3805,"href":"https:\/\/www.ofze.hu\/w\/wp-json\/wp\/v2\/posts\/3794\/revisions\/3805"}],"wp:featuredmedia":[{"embeddable":true,"href":"https:\/\/www.ofze.hu\/w\/wp-json\/wp\/v2\/media\/3796"}],"wp:attachment":[{"href":"https:\/\/www.ofze.hu\/w\/wp-json\/wp\/v2\/media?parent=3794"}],"wp:term":[{"taxonomy":"category","embeddable":true,"href":"https:\/\/www.ofze.hu\/w\/wp-json\/wp\/v2\/categories?post=3794"},{"taxonomy":"post_tag","embeddable":true,"href":"https:\/\/www.ofze.hu\/w\/wp-json\/wp\/v2\/tags?post=3794"}],"curies":[{"name":"wp","href":"https:\/\/api.w.org\/{rel}","templated":true}]}}